{"id":25026,"date":"2024-12-15T01:41:03","date_gmt":"2024-12-15T00:41:03","guid":{"rendered":"http:\/\/www.associationdemarie.org\/blog\/?p=25026"},"modified":"2024-12-01T08:42:40","modified_gmt":"2024-12-01T07:42:40","slug":"apprenez-de-jesus-lhumilite-sincere","status":"publish","type":"post","link":"https:\/\/www.associationdemarie.org\/blog\/apprenez-de-jesus-lhumilite-sincere\/","title":{"rendered":"Apprenez de J\u00e9sus l\u2019humilit\u00e9 sinc\u00e8re !"},"content":{"rendered":"<p><img loading=\"lazy\" decoding=\"async\" class=\"aligncenter  wp-image-25027\" src=\"https:\/\/www.associationdemarie.org\/blog\/wp-content\/uploads\/2024\/12\/15-12-1024x579.jpg\" alt=\"\" width=\"467\" height=\"264\" srcset=\"https:\/\/www.associationdemarie.org\/blog\/wp-content\/uploads\/2024\/12\/15-12-1024x579.jpg 1024w, https:\/\/www.associationdemarie.org\/blog\/wp-content\/uploads\/2024\/12\/15-12-300x170.jpg 300w, https:\/\/www.associationdemarie.org\/blog\/wp-content\/uploads\/2024\/12\/15-12-768x434.jpg 768w, https:\/\/www.associationdemarie.org\/blog\/wp-content\/uploads\/2024\/12\/15-12.jpg 1200w\" sizes=\"auto, (max-width: 467px) 100vw, 467px\" \/><\/p>\n<p>Je vous prie, mon tr\u00e8s cher Fils dans le Christ, le doux J\u00e9sus, d&rsquo;apprendre de ce doux Agneau sans tache \u00e0 vous abaisser toujours par une humilit\u00e9 sinc\u00e8re, afin que vous conserviez et que vous augmentiez votre vertu, dans quelque \u00e9tat que vous vous trouviez. Car pour celui qui est humble, toutes ses \u0153uvres spirituelles et temporelles lui profitent pour le ciel, parce qu&rsquo;il les fait avec la gr\u00e2ce.<\/p>\n<p>Ses \u0153uvres temporelles lui donnent la vie, parce qu&rsquo;il les fait, le regard fix\u00e9 sur Dieu ; ses \u0153uvres spirituelles r\u00e9pandent le parfum de la vertu devant Dieu et devant les hommes du monde : et s&rsquo;il est appel\u00e9 \u00e0 commander, il r\u00e9pand la bonne odeur de la sainte justice ; car celui qui est humble n&rsquo;est pas injuste envers son prochain ; il ne le m\u00e9prise pas, mais il l&rsquo;aime comme lui-m\u00eame. Je vous prie donc, mon tr\u00e8s cher Fils, dans votre position pr\u00e9sente, de rendre toujours la justice au petit comme au grand, au pauvre comme au riche ; rendez \u00e9galement \u00e0 chacun ce qui lui est d\u00fb, ainsi que le veut la justice accompagn\u00e9e de la mis\u00e9ricorde. Je suis certaine que la bont\u00e9 de Dieu vous le fera faire ; et je vous y invite autant que je le sais et que je le puis.<\/p>\n<p>Soyez dans ce doux Avent et dans cette sainte f\u00eate pr\u00e8s de la cr\u00e8che de l&rsquo;humble Agneau. Vous y trouverez Marie adorant son Fils ; cette pauvre voyageuse, qui poss\u00e8de la richesse du Fils de Dieu, n&rsquo;a pas de langes convenables pour l&rsquo;envelopper, et de feu pour le r\u00e9chauffer, lui, le Feu divin, l&rsquo;Agneau sans tache ; et ce sont des animaux qui s&rsquo;inclinent sur le corps de l&rsquo;Enfant pour le r\u00e9chauffer de leur souffle. Ne faut-il pas rougir de l&rsquo;orgueil, des d\u00e9lices des hommes et des richesses du monde, en voyant un Dieu si humili\u00e9 ?<\/p>\n<h3 class=\"GospelCommentaryAuthor-name commentary-author font-2\">Sainte Catherine de Sienne (1347-1380)<\/h3>\n<p>&nbsp;<\/p>\n<p>&nbsp;<\/p>\n<p>&nbsp;<\/p>\n","protected":false},"excerpt":{"rendered":"<p>Je vous prie, mon tr\u00e8s cher Fils dans le Christ, le doux J\u00e9sus, d&rsquo;apprendre de ce doux Agneau sans tache \u00e0 vous abaisser toujours par une humilit\u00e9 sinc\u00e8re, afin que vous conserviez et que vous augmentiez votre vertu, dans quelque \u00e9tat que vous vous trouviez. Car pour celui qui est humble, toutes ses \u0153uvres spirituelles [&hellip;]<\/p>\n","protected":false},"author":2,"featured_media":0,"comment_status":"closed","ping_status":"closed","sticky":false,"template":"","format":"standard","meta":{"footnotes":""},"categories":[13,1261],"tags":[127,487,535,1089],"class_list":["post-25026","post","type-post","status-publish","format-standard","hentry","category-ecritures","category-enseignement-2","tag-avent","tag-humilite","tag-jesus","tag-ste-catherine-de-sienne"],"_links":{"self":[{"href":"https:\/\/www.associationdemarie.org\/blog\/wp-json\/wp\/v2\/posts\/25026","targetHints":{"allow":["GET"]}}],"collection":[{"href":"https:\/\/www.associationdemarie.org\/blog\/wp-json\/wp\/v2\/posts"}],"about":[{"href":"https:\/\/www.associationdemarie.org\/blog\/wp-json\/wp\/v2\/types\/post"}],"author":[{"embeddable":true,"href":"https:\/\/www.associationdemarie.org\/blog\/wp-json\/wp\/v2\/users\/2"}],"replies":[{"embeddable":true,"href":"https:\/\/www.associationdemarie.org\/blog\/wp-json\/wp\/v2\/comments?post=25026"}],"version-history":[{"count":1,"href":"https:\/\/www.associationdemarie.org\/blog\/wp-json\/wp\/v2\/posts\/25026\/revisions"}],"predecessor-version":[{"id":25028,"href":"https:\/\/www.associationdemarie.org\/blog\/wp-json\/wp\/v2\/posts\/25026\/revisions\/25028"}],"wp:attachment":[{"href":"https:\/\/www.associationdemarie.org\/blog\/wp-json\/wp\/v2\/media?parent=25026"}],"wp:term":[{"taxonomy":"category","embeddable":true,"href":"https:\/\/www.associationdemarie.org\/blog\/wp-json\/wp\/v2\/categories?post=25026"},{"taxonomy":"post_tag","embeddable":true,"href":"https:\/\/www.associationdemarie.org\/blog\/wp-json\/wp\/v2\/tags?post=25026"}],"curies":[{"name":"wp","href":"https:\/\/api.w.org\/{rel}","templated":true}]}}