{"id":25023,"date":"2024-12-14T01:25:22","date_gmt":"2024-12-14T00:25:22","guid":{"rendered":"http:\/\/www.associationdemarie.org\/blog\/?p=25023"},"modified":"2024-11-30T08:29:36","modified_gmt":"2024-11-30T07:29:36","slug":"je-vous-le-declare-elie-est-deja-venu-2","status":"publish","type":"post","link":"https:\/\/www.associationdemarie.org\/blog\/je-vous-le-declare-elie-est-deja-venu-2\/","title":{"rendered":"\u00ab Je vous le d\u00e9clare : \u00c9lie est d\u00e9j\u00e0 venu. \u00bb"},"content":{"rendered":"<p><img loading=\"lazy\" decoding=\"async\" class=\"aligncenter  wp-image-25024\" src=\"https:\/\/www.associationdemarie.org\/blog\/wp-content\/uploads\/2024\/11\/14-12.jpg\" alt=\"\" width=\"468\" height=\"281\" srcset=\"https:\/\/www.associationdemarie.org\/blog\/wp-content\/uploads\/2024\/11\/14-12.jpg 640w, https:\/\/www.associationdemarie.org\/blog\/wp-content\/uploads\/2024\/11\/14-12-300x180.jpg 300w\" sizes=\"auto, (max-width: 468px) 100vw, 468px\" \/><\/p>\n<p>\u00c0 propos de Jean le Baptiste, nous lisons chez Luc : \u00ab Il sera grand devant le Seigneur, et il ram\u00e8nera beaucoup des fils d&rsquo;Isra\u00ebl au Seigneur leur Dieu. Il marchera devant lui avec l&rsquo;esprit et la puissance d&rsquo;\u00c9lie, afin de pr\u00e9parer pour le Seigneur un peuple bien dispos\u00e9 \u00bb (Lc 1,15s). Pour qui donc a-t-il pr\u00e9par\u00e9 un peuple et devant quel Seigneur a-t-il \u00e9t\u00e9 grand ? Sans aucun doute devant celui qui a dit que Jean avait quelque chose de \u00ab plus qu&rsquo;un proph\u00e8te \u00bb et que \u00ab personne d&rsquo;entre les enfants des femmes n&rsquo;\u00e9tait plus grand que Jean le Baptiste \u00bb (Mt 11,9.11). Car Jean pr\u00e9parait un peuple en annon\u00e7ant d&rsquo;avance \u00e0 ses compagnons de servitude la venue du Seigneur et en leur pr\u00eachant la p\u00e9nitence, afin que, lorsque le Seigneur serait pr\u00e9sent, ils soient en \u00e9tat de recevoir son pardon, qu&rsquo;ils reviennent \u00e0 celui dont ils s&rsquo;\u00e9taient \u00e9loign\u00e9s par leurs p\u00e9ch\u00e9s et leurs transgressions. C&rsquo;est pourquoi, en les ramenant \u00e0 leur Seigneur, Jean pr\u00e9parait au Seigneur un peuple bien dispos\u00e9, dans l&rsquo;esprit et la puissance d&rsquo;\u00c9lie.<\/p>\n<p>Jean l&rsquo;\u00e9vang\u00e9liste nous dit : \u00ab Il y eut un homme envoy\u00e9 par Dieu ; son nom \u00e9tait Jean. Il \u00e9tait venu comme t\u00e9moin, pour rendre t\u00e9moignage \u00e0 la Lumi\u00e8re. Il n&rsquo;\u00e9tait pas la Lumi\u00e8re, mais il venait pour lui rendre t\u00e9moignage \u00bb (1,6-8). Ce pr\u00e9curseur, Jean le Baptiste, qui rendait t\u00e9moignage \u00e0 la lumi\u00e8re, a \u00e9t\u00e9 envoy\u00e9 sans aucun doute par le Dieu qui (&#8230;) avait promis par les proph\u00e8tes d&rsquo;envoyer son messager devant la face de son Fils pour lui pr\u00e9parer le chemin (Ml 3,1; Mc 1,2), c&rsquo;est-\u00e0-dire pour rendre t\u00e9moignage \u00e0 la Lumi\u00e8re dans l&rsquo;esprit et la puissance d&rsquo;\u00c9lie. (&#8230;) Pr\u00e9cis\u00e9ment parce que Jean est un t\u00e9moin, le Seigneur dit qu&rsquo;il \u00e9tait plus qu&rsquo;un proph\u00e8te. Tous les autres proph\u00e8tes ont annonc\u00e9 la venue de la lumi\u00e8re du P\u00e8re et ont d\u00e9sir\u00e9 \u00eatre jug\u00e9s dignes de voir celui qu&rsquo;ils pr\u00eachaient. Jean a proph\u00e9tis\u00e9 comme eux mais il l&rsquo;a vu pr\u00e9sent, il l&rsquo;a montr\u00e9 et a persuad\u00e9 beaucoup de croire en lui, si bien qu&rsquo;il a tenu \u00e0 la fois la place d&rsquo;un proph\u00e8te et celle d&rsquo;un ap\u00f4tre. Voil\u00e0 pourquoi le Christ dit de lui qu&rsquo;il \u00e9tait \u00ab plus qu&rsquo;un proph\u00e8te \u00bb.<\/p>\n<h3 class=\"GospelCommentaryAuthor-name commentary-author font-2\">Saint Ir\u00e9n\u00e9e de Lyon (v. 130-v. 208)<\/h3>\n<p>&nbsp;<\/p>\n<p>&nbsp;<\/p>\n<p>&nbsp;<\/p>\n","protected":false},"excerpt":{"rendered":"<p>\u00c0 propos de Jean le Baptiste, nous lisons chez Luc : \u00ab Il sera grand devant le Seigneur, et il ram\u00e8nera beaucoup des fils d&rsquo;Isra\u00ebl au Seigneur leur Dieu. Il marchera devant lui avec l&rsquo;esprit et la puissance d&rsquo;\u00c9lie, afin de pr\u00e9parer pour le Seigneur un peuple bien dispos\u00e9 \u00bb (Lc 1,15s). Pour qui donc [&hellip;]<\/p>\n","protected":false},"author":2,"featured_media":0,"comment_status":"closed","ping_status":"closed","sticky":false,"template":"","format":"standard","meta":{"footnotes":""},"categories":[13,1261],"tags":[127,342,841,1039,1042],"class_list":["post-25023","post","type-post","status-publish","format-standard","hentry","category-ecritures","category-enseignement-2","tag-avent","tag-elie","tag-prophete","tag-st-irenee","tag-st-jean-baptiste"],"_links":{"self":[{"href":"https:\/\/www.associationdemarie.org\/blog\/wp-json\/wp\/v2\/posts\/25023","targetHints":{"allow":["GET"]}}],"collection":[{"href":"https:\/\/www.associationdemarie.org\/blog\/wp-json\/wp\/v2\/posts"}],"about":[{"href":"https:\/\/www.associationdemarie.org\/blog\/wp-json\/wp\/v2\/types\/post"}],"author":[{"embeddable":true,"href":"https:\/\/www.associationdemarie.org\/blog\/wp-json\/wp\/v2\/users\/2"}],"replies":[{"embeddable":true,"href":"https:\/\/www.associationdemarie.org\/blog\/wp-json\/wp\/v2\/comments?post=25023"}],"version-history":[{"count":1,"href":"https:\/\/www.associationdemarie.org\/blog\/wp-json\/wp\/v2\/posts\/25023\/revisions"}],"predecessor-version":[{"id":25025,"href":"https:\/\/www.associationdemarie.org\/blog\/wp-json\/wp\/v2\/posts\/25023\/revisions\/25025"}],"wp:attachment":[{"href":"https:\/\/www.associationdemarie.org\/blog\/wp-json\/wp\/v2\/media?parent=25023"}],"wp:term":[{"taxonomy":"category","embeddable":true,"href":"https:\/\/www.associationdemarie.org\/blog\/wp-json\/wp\/v2\/categories?post=25023"},{"taxonomy":"post_tag","embeddable":true,"href":"https:\/\/www.associationdemarie.org\/blog\/wp-json\/wp\/v2\/tags?post=25023"}],"curies":[{"name":"wp","href":"https:\/\/api.w.org\/{rel}","templated":true}]}}