{"id":25008,"date":"2024-12-09T01:36:47","date_gmt":"2024-12-09T00:36:47","guid":{"rendered":"http:\/\/www.associationdemarie.org\/blog\/?p=25008"},"modified":"2024-11-25T07:40:00","modified_gmt":"2024-11-25T06:40:00","slug":"solennite-de-limmaculee-conception-de-la-vierge-marie-11","status":"publish","type":"post","link":"https:\/\/www.associationdemarie.org\/blog\/solennite-de-limmaculee-conception-de-la-vierge-marie-11\/","title":{"rendered":"Solennit\u00e9 de l&rsquo;Immacul\u00e9e Conception de la Vierge Marie"},"content":{"rendered":"<p><img loading=\"lazy\" decoding=\"async\" class=\"aligncenter  wp-image-25009\" src=\"https:\/\/www.associationdemarie.org\/blog\/wp-content\/uploads\/2024\/11\/9-12-768x1024.jpg\" alt=\"\" width=\"466\" height=\"621\" srcset=\"https:\/\/www.associationdemarie.org\/blog\/wp-content\/uploads\/2024\/11\/9-12.jpg 768w, https:\/\/www.associationdemarie.org\/blog\/wp-content\/uploads\/2024\/11\/9-12-225x300.jpg 225w\" sizes=\"auto, (max-width: 466px) 100vw, 466px\" \/><\/p>\n<p>\u00d4 Gemme \u00e9clatante, qui resplendis du clair \u00e9clat du soleil !<br \/>\nSource jaillissante du c\u0153ur du P\u00e8re !<br \/>\nSon Fils unique par qui il a cr\u00e9\u00e9 la mati\u00e8re du monde qu\u2019un jour \u00c8ve souilla,<br \/>\nCe Verbe \u00e9ternel, le P\u00e8re en a fait, par toi, un homme.<br \/>\nTu es donc la mati\u00e8re cristalline en laquelle le Verbe fait jaillir toutes ses vertus,<br \/>\nComme il a fait surgir de la mati\u00e8re originelle toutes ses cr\u00e9atures.<\/p>\n<p>Tr\u00e8s suave rameau issu de la racine de Jess\u00e9, qu\u2019elle est grande ta puissance !<br \/>\nOui, la Divinit\u00e9 m\u00eame l\u2019a contempl\u00e9e dans sa splendide enfant,<br \/>\nEt comme l\u2019aigle plonge son regard jusque dans le soleil,<br \/>\nLe P\u00e8re c\u00e9leste a remarqu\u00e9 de loin l\u2019\u00e9clat de la Vierge.<br \/>\nIl a d\u00e9sir\u00e9 que son Fils s\u2019incarn\u00e2t en elle.<br \/>\nAlors mystiquement, l\u2019esprit de la Vierge fut \u00e9clair\u00e9 du divin myst\u00e8re,<br \/>\nEt une Fleur resplendissante, \u00f4 merveille, s\u2019est \u00e9panouie en elle.<\/p>\n<h3 class=\"GospelCommentaryAuthor-name commentary-author font-2\">Sainte Hildegarde de Bingen (1098-1179)<\/h3>\n<p>&nbsp;<\/p>\n<p>&nbsp;<\/p>\n<p>&nbsp;<\/p>\n","protected":false},"excerpt":{"rendered":"<p>\u00d4 Gemme \u00e9clatante, qui resplendis du clair \u00e9clat du soleil ! Source jaillissante du c\u0153ur du P\u00e8re ! Son Fils unique par qui il a cr\u00e9\u00e9 la mati\u00e8re du monde qu\u2019un jour \u00c8ve souilla, Ce Verbe \u00e9ternel, le P\u00e8re en a fait, par toi, un homme. Tu es donc la mati\u00e8re cristalline en laquelle le [&hellip;]<\/p>\n","protected":false},"author":2,"featured_media":0,"comment_status":"closed","ping_status":"closed","sticky":false,"template":"","format":"standard","meta":{"footnotes":""},"categories":[3,28],"tags":[493,1287],"class_list":["post-25008","post","type-post","status-publish","format-standard","hentry","category-liturgique","category-saints-et-saintes","tag-immaculee-conception","tag-ste-hildegarde-de-bingen"],"_links":{"self":[{"href":"https:\/\/www.associationdemarie.org\/blog\/wp-json\/wp\/v2\/posts\/25008","targetHints":{"allow":["GET"]}}],"collection":[{"href":"https:\/\/www.associationdemarie.org\/blog\/wp-json\/wp\/v2\/posts"}],"about":[{"href":"https:\/\/www.associationdemarie.org\/blog\/wp-json\/wp\/v2\/types\/post"}],"author":[{"embeddable":true,"href":"https:\/\/www.associationdemarie.org\/blog\/wp-json\/wp\/v2\/users\/2"}],"replies":[{"embeddable":true,"href":"https:\/\/www.associationdemarie.org\/blog\/wp-json\/wp\/v2\/comments?post=25008"}],"version-history":[{"count":1,"href":"https:\/\/www.associationdemarie.org\/blog\/wp-json\/wp\/v2\/posts\/25008\/revisions"}],"predecessor-version":[{"id":25010,"href":"https:\/\/www.associationdemarie.org\/blog\/wp-json\/wp\/v2\/posts\/25008\/revisions\/25010"}],"wp:attachment":[{"href":"https:\/\/www.associationdemarie.org\/blog\/wp-json\/wp\/v2\/media?parent=25008"}],"wp:term":[{"taxonomy":"category","embeddable":true,"href":"https:\/\/www.associationdemarie.org\/blog\/wp-json\/wp\/v2\/categories?post=25008"},{"taxonomy":"post_tag","embeddable":true,"href":"https:\/\/www.associationdemarie.org\/blog\/wp-json\/wp\/v2\/tags?post=25008"}],"curies":[{"name":"wp","href":"https:\/\/api.w.org\/{rel}","templated":true}]}}