{"id":24999,"date":"2024-12-07T01:52:24","date_gmt":"2024-12-07T00:52:24","guid":{"rendered":"http:\/\/www.associationdemarie.org\/blog\/?p=24999"},"modified":"2024-11-23T08:54:03","modified_gmt":"2024-11-23T07:54:03","slug":"jesus-parcourait-toutes-les-villes-et-tous-les-villages-enseignant-proclamant-levangile-du-royaume","status":"publish","type":"post","link":"https:\/\/www.associationdemarie.org\/blog\/jesus-parcourait-toutes-les-villes-et-tous-les-villages-enseignant-proclamant-levangile-du-royaume\/","title":{"rendered":"\u00ab J\u00e9sus parcourait toutes les villes et tous les villages, enseignant (&#8230;), proclamant l\u2019\u00c9vangile du Royaume. \u00bb"},"content":{"rendered":"<p><img loading=\"lazy\" decoding=\"async\" class=\"aligncenter  wp-image-25000\" src=\"https:\/\/www.associationdemarie.org\/blog\/wp-content\/uploads\/2024\/11\/7-12-envoi-en-mission-des-soixante-douze.jpg\" alt=\"\" width=\"467\" height=\"311\" srcset=\"https:\/\/www.associationdemarie.org\/blog\/wp-content\/uploads\/2024\/11\/7-12-envoi-en-mission-des-soixante-douze.jpg 640w, https:\/\/www.associationdemarie.org\/blog\/wp-content\/uploads\/2024\/11\/7-12-envoi-en-mission-des-soixante-douze-300x200.jpg 300w\" sizes=\"auto, (max-width: 467px) 100vw, 467px\" \/><\/p>\n<p>Dans l\u2019exercice de leur charge d\u2019enseigner, que les \u00e9v\u00eaques annoncent aux hommes l\u2019\u00c9vangile du Christ, \u2013 cette charge l\u2019emporte sur les autres, si importantes soient-elles \u2013 et, dans la force de l\u2019Esprit, qu\u2019ils les appellent \u00e0 la foi ou les confirment dans la foi vivante ; qu\u2019ils leur proposent le myst\u00e8re int\u00e9gral du Christ, c\u2019est-\u00e0-dire ces v\u00e9rit\u00e9s qu\u2019on ne peut ignorer sans ignorer le Christ lui-m\u00eame, et qu\u2019ils leur montrent de m\u00eame la voie divinement r\u00e9v\u00e9l\u00e9e pour rendre gloire \u00e0 Dieu et par l\u00e0 m\u00eame obtenir le bonheur \u00e9ternel.<\/p>\n<p>Les \u00e9v\u00eaques doivent en outre montrer aux hommes que, selon le dessein de Dieu Cr\u00e9ateur, les r\u00e9alit\u00e9s terrestres elles-m\u00eames et les institutions humaines sont \u00e9galement ordonn\u00e9es au salut des hommes, et qu\u2019en cons\u00e9quence elles peuvent contribuer d\u2019une fa\u00e7on non n\u00e9gligeable \u00e0 l\u2019\u00e9dification du Corps du Christ.<\/p>\n<p>Ils enseigneront donc, selon la doctrine de l\u2019\u00c9glise, combien il faut estimer la personne humaine, sa libert\u00e9 et sa vie corporelle elle-m\u00eame ; la famille, son unit\u00e9 et sa stabilit\u00e9, la procr\u00e9ation et l\u2019\u00e9ducation des enfants ; la soci\u00e9t\u00e9 civile avec ses lois et ses professions ; le travail et le loisir, les arts et les inventions techniques ; la pauvret\u00e9 et la richesse. Ils exposeront enfin comment r\u00e9soudre les tr\u00e8s graves questions concernant la possession des biens mat\u00e9riels, leur accroissement et leur juste distribution, la paix et la guerre, la communaut\u00e9 fraternelle de tous les peuples.<\/p>\n<h3 class=\"GospelCommentaryAuthor-name commentary-author font-2\">Concile Vatican II<\/h3>\n<p>&nbsp;<\/p>\n<p>&nbsp;<\/p>\n<p>&nbsp;<\/p>\n","protected":false},"excerpt":{"rendered":"<p>Dans l\u2019exercice de leur charge d\u2019enseigner, que les \u00e9v\u00eaques annoncent aux hommes l\u2019\u00c9vangile du Christ, \u2013 cette charge l\u2019emporte sur les autres, si importantes soient-elles \u2013 et, dans la force de l\u2019Esprit, qu\u2019ils les appellent \u00e0 la foi ou les confirment dans la foi vivante ; qu\u2019ils leur proposent le myst\u00e8re int\u00e9gral du Christ, c\u2019est-\u00e0-dire [&hellip;]<\/p>\n","protected":false},"author":2,"featured_media":0,"comment_status":"closed","ping_status":"closed","sticky":false,"template":"","format":"standard","meta":{"footnotes":""},"categories":[13,1261],"tags":[387,1174],"class_list":["post-24999","post","type-post","status-publish","format-standard","hentry","category-ecritures","category-enseignement-2","tag-evangelisation","tag-vatican-2"],"_links":{"self":[{"href":"https:\/\/www.associationdemarie.org\/blog\/wp-json\/wp\/v2\/posts\/24999","targetHints":{"allow":["GET"]}}],"collection":[{"href":"https:\/\/www.associationdemarie.org\/blog\/wp-json\/wp\/v2\/posts"}],"about":[{"href":"https:\/\/www.associationdemarie.org\/blog\/wp-json\/wp\/v2\/types\/post"}],"author":[{"embeddable":true,"href":"https:\/\/www.associationdemarie.org\/blog\/wp-json\/wp\/v2\/users\/2"}],"replies":[{"embeddable":true,"href":"https:\/\/www.associationdemarie.org\/blog\/wp-json\/wp\/v2\/comments?post=24999"}],"version-history":[{"count":2,"href":"https:\/\/www.associationdemarie.org\/blog\/wp-json\/wp\/v2\/posts\/24999\/revisions"}],"predecessor-version":[{"id":25002,"href":"https:\/\/www.associationdemarie.org\/blog\/wp-json\/wp\/v2\/posts\/24999\/revisions\/25002"}],"wp:attachment":[{"href":"https:\/\/www.associationdemarie.org\/blog\/wp-json\/wp\/v2\/media?parent=24999"}],"wp:term":[{"taxonomy":"category","embeddable":true,"href":"https:\/\/www.associationdemarie.org\/blog\/wp-json\/wp\/v2\/categories?post=24999"},{"taxonomy":"post_tag","embeddable":true,"href":"https:\/\/www.associationdemarie.org\/blog\/wp-json\/wp\/v2\/tags?post=24999"}],"curies":[{"name":"wp","href":"https:\/\/api.w.org\/{rel}","templated":true}]}}