{"id":24982,"date":"2024-12-02T01:02:14","date_gmt":"2024-12-02T00:02:14","guid":{"rendered":"http:\/\/www.associationdemarie.org\/blog\/?p=24982"},"modified":"2024-11-18T08:03:50","modified_gmt":"2024-11-18T07:03:50","slug":"il-vient-chez-toi","status":"publish","type":"post","link":"https:\/\/www.associationdemarie.org\/blog\/il-vient-chez-toi\/","title":{"rendered":"Il vient chez toi"},"content":{"rendered":"<p><img loading=\"lazy\" decoding=\"async\" class=\"aligncenter  wp-image-24983\" src=\"https:\/\/www.associationdemarie.org\/blog\/wp-content\/uploads\/2024\/11\/2-12-1024x683.jpg\" alt=\"\" width=\"474\" height=\"316\" srcset=\"https:\/\/www.associationdemarie.org\/blog\/wp-content\/uploads\/2024\/11\/2-12-1024x683.jpg 1024w, https:\/\/www.associationdemarie.org\/blog\/wp-content\/uploads\/2024\/11\/2-12-300x200.jpg 300w, https:\/\/www.associationdemarie.org\/blog\/wp-content\/uploads\/2024\/11\/2-12-768x512.jpg 768w, https:\/\/www.associationdemarie.org\/blog\/wp-content\/uploads\/2024\/11\/2-12.jpg 1500w\" sizes=\"auto, (max-width: 474px) 100vw, 474px\" \/><\/p>\n<p>Tu as entendu la voix du Verbe, la Parole de Dieu. (&#8230;) L\u00e8ve-toi, et par la pri\u00e8re pr\u00e9pare le fond de ton \u00e2me. D&rsquo;en bas tends vers les hauteurs, efforce-toi \u00e0 ouvrir la porte de ton c\u0153ur. Quand tu \u00e9tends les mains vers le Christ, tes actions exhaleront le parfum de la foi. (&#8230;)<\/p>\n<p>Voil\u00e0 comme le Christ t&rsquo;a d\u00e9sir\u00e9e, voil\u00e0 comme le Christ t&rsquo;a choisie. Si tu lui ouvres, il entrera ; il ne peut pas y manquer, lui qui l&rsquo;a promis. Embrasse donc celui que tu as cherch\u00e9 (Ct 3,4) ; approche-toi de lui et tu recevras sa lumi\u00e8re (Ps 33,6) ; retiens-le, demande-lui de ne pas s&rsquo;en aller si vite, supplie-le de ne pas s&rsquo;\u00e9loigner. En effet, la parole de Dieu court rapidement (Si 43,5) ; elle ne se laisse pas saisir par la mollesse ; la paresse ne la retient pas. Que ton \u00e2me, \u00e0 son appel, aille \u00e0 sa rencontre, et qu&rsquo;elle pers\u00e9v\u00e8re sur le chemin trac\u00e9 par sa parole c\u00e9leste, car il passe vite. (&#8230;)<\/p>\n<p>Ne pense pas, s&rsquo;il est parti si vite, que tu lui as d\u00e9plu en l&rsquo;appelant, en l&rsquo;implorant, en lui ouvrant : il permet souvent que nous soyons \u00e9prouv\u00e9s. Lorsque les foules le priaient de ne pas s&rsquo;en aller, que dit-il dans l&rsquo;\u00c9vangile ? \u00ab Il faut que j&rsquo;annonce la parole de Dieu dans les autres villes, car c&rsquo;est pour cela que j&rsquo;ai \u00e9t\u00e9 envoy\u00e9 \u00bb (Lc 4,43). Alors, m\u00eame s&rsquo;il semble \u00eatre parti, cherche encore (cf. Ct 5,6). (&#8230;) Celle qui cherche ainsi le Christ, celle qui l&rsquo;implore ainsi, n&rsquo;est pas d\u00e9laiss\u00e9e par lui ; bien plus, il vient souvent la visiter, car il est avec nous jusqu&rsquo;\u00e0 la fin du monde (Mt 28,20).<\/p>\n<h3 class=\"GospelCommentaryAuthor-name commentary-author font-2\">Saint Ambroise (v. 340-397)<\/h3>\n<p>&nbsp;<\/p>\n<p>&nbsp;<\/p>\n<p>&nbsp;<\/p>\n","protected":false},"excerpt":{"rendered":"<p>Tu as entendu la voix du Verbe, la Parole de Dieu. (&#8230;) L\u00e8ve-toi, et par la pri\u00e8re pr\u00e9pare le fond de ton \u00e2me. D&rsquo;en bas tends vers les hauteurs, efforce-toi \u00e0 ouvrir la porte de ton c\u0153ur. Quand tu \u00e9tends les mains vers le Christ, tes actions exhaleront le parfum de la foi. (&#8230;) Voil\u00e0 [&hellip;]<\/p>\n","protected":false},"author":2,"featured_media":0,"comment_status":"closed","ping_status":"closed","sticky":false,"template":"","format":"standard","meta":{"footnotes":""},"categories":[13,1261],"tags":[127,535,1007],"class_list":["post-24982","post","type-post","status-publish","format-standard","hentry","category-ecritures","category-enseignement-2","tag-avent","tag-jesus","tag-st-ambroise"],"_links":{"self":[{"href":"https:\/\/www.associationdemarie.org\/blog\/wp-json\/wp\/v2\/posts\/24982","targetHints":{"allow":["GET"]}}],"collection":[{"href":"https:\/\/www.associationdemarie.org\/blog\/wp-json\/wp\/v2\/posts"}],"about":[{"href":"https:\/\/www.associationdemarie.org\/blog\/wp-json\/wp\/v2\/types\/post"}],"author":[{"embeddable":true,"href":"https:\/\/www.associationdemarie.org\/blog\/wp-json\/wp\/v2\/users\/2"}],"replies":[{"embeddable":true,"href":"https:\/\/www.associationdemarie.org\/blog\/wp-json\/wp\/v2\/comments?post=24982"}],"version-history":[{"count":2,"href":"https:\/\/www.associationdemarie.org\/blog\/wp-json\/wp\/v2\/posts\/24982\/revisions"}],"predecessor-version":[{"id":24985,"href":"https:\/\/www.associationdemarie.org\/blog\/wp-json\/wp\/v2\/posts\/24982\/revisions\/24985"}],"wp:attachment":[{"href":"https:\/\/www.associationdemarie.org\/blog\/wp-json\/wp\/v2\/media?parent=24982"}],"wp:term":[{"taxonomy":"category","embeddable":true,"href":"https:\/\/www.associationdemarie.org\/blog\/wp-json\/wp\/v2\/categories?post=24982"},{"taxonomy":"post_tag","embeddable":true,"href":"https:\/\/www.associationdemarie.org\/blog\/wp-json\/wp\/v2\/tags?post=24982"}],"curies":[{"name":"wp","href":"https:\/\/api.w.org\/{rel}","templated":true}]}}