{"id":24951,"date":"2024-11-24T01:44:21","date_gmt":"2024-11-24T00:44:21","guid":{"rendered":"http:\/\/www.associationdemarie.org\/blog\/?p=24951"},"modified":"2024-11-10T18:46:02","modified_gmt":"2024-11-10T17:46:02","slug":"solennite-du-christ-roi-de-lunivers-10","status":"publish","type":"post","link":"https:\/\/www.associationdemarie.org\/blog\/solennite-du-christ-roi-de-lunivers-10\/","title":{"rendered":"Solennit\u00e9 du Christ, Roi de l&rsquo;Univers"},"content":{"rendered":"<p><img loading=\"lazy\" decoding=\"async\" class=\"aligncenter  wp-image-24952\" src=\"https:\/\/www.associationdemarie.org\/blog\/wp-content\/uploads\/2024\/11\/24-11.jpg\" alt=\"\" width=\"445\" height=\"307\" srcset=\"https:\/\/www.associationdemarie.org\/blog\/wp-content\/uploads\/2024\/11\/24-11.jpg 669w, https:\/\/www.associationdemarie.org\/blog\/wp-content\/uploads\/2024\/11\/24-11-300x207.jpg 300w\" sizes=\"auto, (max-width: 445px) 100vw, 445px\" \/><\/p>\n<p>\u00c9coutez tous, juifs et gentils (&#8230;) ; \u00e9coutez, tous les royaumes de la terre ! Je n&#8217;emp\u00eache pas votre domination sur ce monde, \u00ab mon Royaume n&rsquo;est pas de ce monde \u00bb (Jn 18,36). Ne craignez donc pas de cette crainte insens\u00e9e qui a saisi H\u00e9rode quand on lui a annonc\u00e9 ma naissance. (&#8230;) Non, dit le Sauveur, \u00ab mon Royaume n&rsquo;est pas de ce monde \u00bb. Venez tous \u00e0 un Royaume qui n&rsquo;est pas de ce monde ; venez-y par la foi ; que la crainte ne vous rende pas cruels. Il est vrai que, dans une proph\u00e9tie, le Fils de Dieu dit en parlant du P\u00e8re : \u00ab Par lui, j&rsquo;ai \u00e9t\u00e9 \u00e9tabli roi sur Sion, sur sa montagne sainte \u00bb (Ps 2,6). Mais cette Sion et cette montagne ne sont pas de ce monde.<\/p>\n<p>Qu&rsquo;est-ce en effet que son Royaume ? Ce sont ceux qui croient en lui, ceux \u00e0 qui il dit : \u00ab Vous n&rsquo;\u00eates pas du monde, comme moi, je ne suis pas du monde \u00bb (cf Jn 17,16). Et pourtant, il veut qu&rsquo;ils soient dans le monde ; il prie son P\u00e8re : \u00ab Je ne te demande pas de les retirer du monde mais de les garder du mal \u00bb (Jn 17,15). Car il n&rsquo;a pas dit : \u00ab Mon Royaume n&rsquo;est pas dans ce monde \u00bb mais bien : \u00ab Il n&rsquo;est pas de ce monde ; s&rsquo;il \u00e9tait de ce monde, mes serviteurs viendraient combattre pour que je ne sois pas livr\u00e9 \u00bb.<\/p>\n<p>En effet, son Royaume est vraiment ici sur terre jusqu&rsquo;\u00e0 la fin du monde ; jusqu&rsquo;\u00e0 la moisson l&rsquo;ivraie est m\u00eal\u00e9e au bon grain (Mt 13,24s). (&#8230;) Son Royaume n&rsquo;est pas d&rsquo;ici car il est comme un voyageur dans ce monde. \u00c0 ceux sur qui il r\u00e8gne, il dit : \u00ab Vous n&rsquo;\u00eates pas du monde, car je vous ai choisis du milieu du monde \u00bb (Jn 15,19). Ils \u00e9taient donc de ce monde, quand ils n&rsquo;\u00e9taient pas encore son Royaume et qu&rsquo;ils appartenaient au prince de ce monde (Jn 12,3). (&#8230;) Tous ceux qui sont engendr\u00e9s de la race d&rsquo;Adam p\u00e9cheur appartiennent \u00e0 ce monde ; tous ceux qui ont \u00e9t\u00e9 r\u00e9g\u00e9n\u00e9r\u00e9s en J\u00e9sus Christ appartiennent \u00e0 son Royaume et ne sont plus de ce monde. \u00ab Dieu nous a en effet arrach\u00e9s \u00e0 la puissance des t\u00e9n\u00e8bres et nous a transf\u00e9r\u00e9s dans le Royaume de son Fils bien-aim\u00e9 \u00bb (Col 1,13).<\/p>\n<h3 class=\"GospelCommentaryAuthor-name commentary-author font-2\">Saint Augustin (354-430)<\/h3>\n<p>&nbsp;<\/p>\n<p>&nbsp;<\/p>\n<p>&nbsp;<\/p>\n","protected":false},"excerpt":{"rendered":"<p>\u00c9coutez tous, juifs et gentils (&#8230;) ; \u00e9coutez, tous les royaumes de la terre ! Je n&#8217;emp\u00eache pas votre domination sur ce monde, \u00ab mon Royaume n&rsquo;est pas de ce monde \u00bb (Jn 18,36). Ne craignez donc pas de cette crainte insens\u00e9e qui a saisi H\u00e9rode quand on lui a annonc\u00e9 ma naissance. (&#8230;) Non, [&hellip;]<\/p>\n","protected":false},"author":2,"featured_media":0,"comment_status":"closed","ping_status":"closed","sticky":false,"template":"","format":"standard","meta":{"footnotes":""},"categories":[3,28],"tags":[221,1012],"class_list":["post-24951","post","type-post","status-publish","format-standard","hentry","category-liturgique","category-saints-et-saintes","tag-christ-roi","tag-st-augustin"],"_links":{"self":[{"href":"https:\/\/www.associationdemarie.org\/blog\/wp-json\/wp\/v2\/posts\/24951","targetHints":{"allow":["GET"]}}],"collection":[{"href":"https:\/\/www.associationdemarie.org\/blog\/wp-json\/wp\/v2\/posts"}],"about":[{"href":"https:\/\/www.associationdemarie.org\/blog\/wp-json\/wp\/v2\/types\/post"}],"author":[{"embeddable":true,"href":"https:\/\/www.associationdemarie.org\/blog\/wp-json\/wp\/v2\/users\/2"}],"replies":[{"embeddable":true,"href":"https:\/\/www.associationdemarie.org\/blog\/wp-json\/wp\/v2\/comments?post=24951"}],"version-history":[{"count":2,"href":"https:\/\/www.associationdemarie.org\/blog\/wp-json\/wp\/v2\/posts\/24951\/revisions"}],"predecessor-version":[{"id":24954,"href":"https:\/\/www.associationdemarie.org\/blog\/wp-json\/wp\/v2\/posts\/24951\/revisions\/24954"}],"wp:attachment":[{"href":"https:\/\/www.associationdemarie.org\/blog\/wp-json\/wp\/v2\/media?parent=24951"}],"wp:term":[{"taxonomy":"category","embeddable":true,"href":"https:\/\/www.associationdemarie.org\/blog\/wp-json\/wp\/v2\/categories?post=24951"},{"taxonomy":"post_tag","embeddable":true,"href":"https:\/\/www.associationdemarie.org\/blog\/wp-json\/wp\/v2\/tags?post=24951"}],"curies":[{"name":"wp","href":"https:\/\/api.w.org\/{rel}","templated":true}]}}