{"id":24864,"date":"2024-10-28T01:03:57","date_gmt":"2024-10-28T00:03:57","guid":{"rendered":"http:\/\/www.associationdemarie.org\/blog\/?p=24864"},"modified":"2024-10-14T07:05:40","modified_gmt":"2024-10-14T06:05:40","slug":"il-y-avait-la-une-foule-de-gens-venus-de-toute-la-judee-de-jerusalem-de-tyr-et-de-sidon-qui-etaient-venus-lentendre","status":"publish","type":"post","link":"https:\/\/www.associationdemarie.org\/blog\/il-y-avait-la-une-foule-de-gens-venus-de-toute-la-judee-de-jerusalem-de-tyr-et-de-sidon-qui-etaient-venus-lentendre\/","title":{"rendered":"\u00ab Il y avait l\u00e0&#8230;une foule de gens venus de toute la Jud\u00e9e, de J\u00e9rusalem, de Tyr et de Sidon, qui \u00e9taient venus l&rsquo;entendre. \u00bb"},"content":{"rendered":"<p><img loading=\"lazy\" decoding=\"async\" class=\"size-full wp-image-24865 alignleft\" src=\"https:\/\/www.associationdemarie.org\/blog\/wp-content\/uploads\/2024\/10\/28-10.jpeg\" alt=\"\" width=\"246\" height=\"205\" \/><\/p>\n<p>Les \u00e9v\u00eaques \u00e9tant successeurs des Ap\u00f4tres re\u00e7oivent du Seigneur, \u00e0 qui tout pouvoir a \u00e9t\u00e9 donn\u00e9 dans le ciel et sur la terre, la mission d\u2019enseigner toutes les nations et de pr\u00eacher l\u2019\u00c9vangile \u00e0 toute cr\u00e9ature, afin que tous les hommes, par la foi, le bapt\u00eame et l\u2019accomplissement des commandements, obtiennent le salut . Pour remplir cette mission, le Christ Seigneur a promis aux Ap\u00f4tres l\u2019Esprit Saint, et, le jour de Pentec\u00f4te, l\u2019a envoy\u00e9 du ciel pour que, gr\u00e2ce \u00e0 sa vertu, les Ap\u00f4tres soient ses t\u00e9moins jusqu\u2019\u00e0 l\u2019extr\u00e9mit\u00e9 de la terre devant les nations, les peuples et les rois. Cette charge, confi\u00e9e par le Seigneur aux pasteurs de son peuple, est un v\u00e9ritable service : dans la Sainte \u00c9criture, il est appel\u00e9 express\u00e9ment \u00ab diakonia \u00bb ou minist\u00e8re. (\u2026)<\/p>\n<p>Parmi les charges principales des \u00e9v\u00eaques, la pr\u00e9dication de l\u2019\u00c9vangile est la premi\u00e8re. Les \u00e9v\u00eaques, en effet, proclament la foi et am\u00e8nent au Christ de nouveaux disciples ; ce sont des enseignants authentiques, rev\u00eatus de l&rsquo;autorit\u00e9 du Christ, qui pr\u00eachent au peuple commis \u00e0 leur soin les v\u00e9rit\u00e9s de foi \u00e0 croire et \u00e0 appliquer dans la pratique de la vie. Ils \u00e9clairent ces m\u00eames v\u00e9rit\u00e9s \u00e0 la lumi\u00e8re du Saint-Esprit en tirant du tr\u00e9sor de la r\u00e9v\u00e9lation du neuf et de l&rsquo;ancien ; ils les font fructifier et veillent \u00e0 \u00e9carter de leur troupeau les erreurs qui le menacent. Les \u00e9v\u00eaques, quand ils enseignent en communion avec le pontife romain, doivent \u00eatre respect\u00e9s par tous comme les t\u00e9moins de la v\u00e9rit\u00e9 divine et catholique. Les fid\u00e8les doivent accepter l&rsquo;instruction donn\u00e9e par leur \u00e9v\u00eaque au nom de J\u00e9sus Christ en mati\u00e8re de foi et de morale et y adh\u00e9rer avec un respect religieux.<\/p>\n<h3 class=\"GospelCommentaryAuthor-name commentary-author font-2\">Concile Vatican II<\/h3>\n<p>(R\u00e9f\u00e9rences bibliques : Mt 28,18-20; Mc 16,15-16; Ac 1,8; 2,1s; 9,15; 1,17.25; Mt 13,52)<\/p>\n<p>&nbsp;<\/p>\n<p>&nbsp;<\/p>\n<p>&nbsp;<\/p>\n","protected":false},"excerpt":{"rendered":"<p>Les \u00e9v\u00eaques \u00e9tant successeurs des Ap\u00f4tres re\u00e7oivent du Seigneur, \u00e0 qui tout pouvoir a \u00e9t\u00e9 donn\u00e9 dans le ciel et sur la terre, la mission d\u2019enseigner toutes les nations et de pr\u00eacher l\u2019\u00c9vangile \u00e0 toute cr\u00e9ature, afin que tous les hommes, par la foi, le bapt\u00eame et l\u2019accomplissement des commandements, obtiennent le salut . Pour [&hellip;]<\/p>\n","protected":false},"author":2,"featured_media":0,"comment_status":"closed","ping_status":"closed","sticky":false,"template":"","format":"standard","meta":{"footnotes":""},"categories":[28],"tags":[391,1174],"class_list":["post-24864","post","type-post","status-publish","format-standard","hentry","category-saints-et-saintes","tag-eveque","tag-vatican-2"],"_links":{"self":[{"href":"https:\/\/www.associationdemarie.org\/blog\/wp-json\/wp\/v2\/posts\/24864","targetHints":{"allow":["GET"]}}],"collection":[{"href":"https:\/\/www.associationdemarie.org\/blog\/wp-json\/wp\/v2\/posts"}],"about":[{"href":"https:\/\/www.associationdemarie.org\/blog\/wp-json\/wp\/v2\/types\/post"}],"author":[{"embeddable":true,"href":"https:\/\/www.associationdemarie.org\/blog\/wp-json\/wp\/v2\/users\/2"}],"replies":[{"embeddable":true,"href":"https:\/\/www.associationdemarie.org\/blog\/wp-json\/wp\/v2\/comments?post=24864"}],"version-history":[{"count":1,"href":"https:\/\/www.associationdemarie.org\/blog\/wp-json\/wp\/v2\/posts\/24864\/revisions"}],"predecessor-version":[{"id":24866,"href":"https:\/\/www.associationdemarie.org\/blog\/wp-json\/wp\/v2\/posts\/24864\/revisions\/24866"}],"wp:attachment":[{"href":"https:\/\/www.associationdemarie.org\/blog\/wp-json\/wp\/v2\/media?parent=24864"}],"wp:term":[{"taxonomy":"category","embeddable":true,"href":"https:\/\/www.associationdemarie.org\/blog\/wp-json\/wp\/v2\/categories?post=24864"},{"taxonomy":"post_tag","embeddable":true,"href":"https:\/\/www.associationdemarie.org\/blog\/wp-json\/wp\/v2\/tags?post=24864"}],"curies":[{"name":"wp","href":"https:\/\/api.w.org\/{rel}","templated":true}]}}