{"id":24861,"date":"2024-10-27T01:40:04","date_gmt":"2024-10-27T00:40:04","guid":{"rendered":"http:\/\/www.associationdemarie.org\/blog\/?p=24861"},"modified":"2024-10-13T07:42:01","modified_gmt":"2024-10-13T06:42:01","slug":"maitre-que-je-voie-2","status":"publish","type":"post","link":"https:\/\/www.associationdemarie.org\/blog\/maitre-que-je-voie-2\/","title":{"rendered":"\u00ab Ma\u00eetre, que je voie ! \u00bb"},"content":{"rendered":"<p><img loading=\"lazy\" decoding=\"async\" class=\"aligncenter  wp-image-24862\" src=\"https:\/\/www.associationdemarie.org\/blog\/wp-content\/uploads\/2024\/10\/27-10-christ-lumiere-1024x683.jpg\" alt=\"\" width=\"441\" height=\"294\" srcset=\"https:\/\/www.associationdemarie.org\/blog\/wp-content\/uploads\/2024\/10\/27-10-christ-lumiere-1024x683.jpg 1024w, https:\/\/www.associationdemarie.org\/blog\/wp-content\/uploads\/2024\/10\/27-10-christ-lumiere-300x200.jpg 300w, https:\/\/www.associationdemarie.org\/blog\/wp-content\/uploads\/2024\/10\/27-10-christ-lumiere-768x512.jpg 768w, https:\/\/www.associationdemarie.org\/blog\/wp-content\/uploads\/2024\/10\/27-10-christ-lumiere.jpg 1200w\" sizes=\"auto, (max-width: 441px) 100vw, 441px\" \/><\/p>\n<p>En toi, Dieu vivant, mon c\u0153ur et ma chair ont tressailli, et mon \u00e2me s&rsquo;est r\u00e9jouie en toi, mon vrai salut. Quand mes yeux te verront-ils, Dieu des dieux, mon Dieu ? Dieu de mon c\u0153ur, quand me r\u00e9jouiras-tu de la vue de la douceur de ton visage ? Quand combleras-tu le d\u00e9sir de mon \u00e2me par la manifestation de ta gloire ?<\/p>\n<p>Mon Dieu, tu es mon h\u00e9ritage choisi entre tous, ma force et ma gloire ! Quand entrerai-je en ta puissance pour voir ta force et ta gloire ? Quand donc au lieu de l&rsquo;esprit de tristesse me rev\u00eatiras-tu du manteau de la louange, pour qu&rsquo;unie aux anges, tous mes membres t&rsquo;offrent un sacrifice d&rsquo;acclamation ? Dieu de ma vie, quand entrerai-je dans le tabernacle de ta gloire, afin de te chanter en pr\u00e9sence de tous les saints, et de proclamer d&rsquo;\u00e2me et de c\u0153ur que tes mis\u00e9ricordes pour moi ont \u00e9t\u00e9 magnifiques ? Quand est-ce que le filet de cette mort se brisera, pour que mon \u00e2me puisse te voir sans interm\u00e9diaire ? (&#8230;)<\/p>\n<p>Qui se rassasiera \u00e0 la vue de ta clart\u00e9 ? Comment l&rsquo;\u0153il pourra-t-il suffire \u00e0 voir et l&rsquo;oreille \u00e0 entendre, dans l&rsquo;admiration de la gloire de ton visage ?<\/p>\n<h3 class=\"GospelCommentaryAuthor-name commentary-author font-2\">Sainte Gertrude d&rsquo;Helfta (1256-1301)<\/h3>\n<p>(R\u00e9f\u00e9rences bibliques : Ps 83,3 ; Ps 70,16 ; Lc 1,47 ; Is 61,10 ; Ps 26,6 ; Gn 19,19)<\/p>\n<p>&nbsp;<\/p>\n<p>&nbsp;<\/p>\n<p>&nbsp;<\/p>\n","protected":false},"excerpt":{"rendered":"<p>En toi, Dieu vivant, mon c\u0153ur et ma chair ont tressailli, et mon \u00e2me s&rsquo;est r\u00e9jouie en toi, mon vrai salut. Quand mes yeux te verront-ils, Dieu des dieux, mon Dieu ? Dieu de mon c\u0153ur, quand me r\u00e9jouiras-tu de la vue de la douceur de ton visage ? Quand combleras-tu le d\u00e9sir de mon [&hellip;]<\/p>\n","protected":false},"author":2,"featured_media":0,"comment_status":"closed","ping_status":"closed","sticky":false,"template":"","format":"standard","meta":{"footnotes":""},"categories":[13,1261],"tags":[128,1524],"class_list":["post-24861","post","type-post","status-publish","format-standard","hentry","category-ecritures","category-enseignement-2","tag-aveugle","tag-ste-gertrude-dhelfta"],"_links":{"self":[{"href":"https:\/\/www.associationdemarie.org\/blog\/wp-json\/wp\/v2\/posts\/24861","targetHints":{"allow":["GET"]}}],"collection":[{"href":"https:\/\/www.associationdemarie.org\/blog\/wp-json\/wp\/v2\/posts"}],"about":[{"href":"https:\/\/www.associationdemarie.org\/blog\/wp-json\/wp\/v2\/types\/post"}],"author":[{"embeddable":true,"href":"https:\/\/www.associationdemarie.org\/blog\/wp-json\/wp\/v2\/users\/2"}],"replies":[{"embeddable":true,"href":"https:\/\/www.associationdemarie.org\/blog\/wp-json\/wp\/v2\/comments?post=24861"}],"version-history":[{"count":1,"href":"https:\/\/www.associationdemarie.org\/blog\/wp-json\/wp\/v2\/posts\/24861\/revisions"}],"predecessor-version":[{"id":24863,"href":"https:\/\/www.associationdemarie.org\/blog\/wp-json\/wp\/v2\/posts\/24861\/revisions\/24863"}],"wp:attachment":[{"href":"https:\/\/www.associationdemarie.org\/blog\/wp-json\/wp\/v2\/media?parent=24861"}],"wp:term":[{"taxonomy":"category","embeddable":true,"href":"https:\/\/www.associationdemarie.org\/blog\/wp-json\/wp\/v2\/categories?post=24861"},{"taxonomy":"post_tag","embeddable":true,"href":"https:\/\/www.associationdemarie.org\/blog\/wp-json\/wp\/v2\/tags?post=24861"}],"curies":[{"name":"wp","href":"https:\/\/api.w.org\/{rel}","templated":true}]}}