{"id":24813,"date":"2024-10-12T01:59:36","date_gmt":"2024-10-12T00:59:36","guid":{"rendered":"http:\/\/www.associationdemarie.org\/blog\/?p=24813"},"modified":"2024-09-30T07:01:19","modified_gmt":"2024-09-30T06:01:19","slug":"heureux-ceux-qui-entendent-la-parole-de-dieu-et-qui-la-gardent-2","status":"publish","type":"post","link":"https:\/\/www.associationdemarie.org\/blog\/heureux-ceux-qui-entendent-la-parole-de-dieu-et-qui-la-gardent-2\/","title":{"rendered":"\u00ab Heureux ceux qui entendent la parole de Dieu et qui la gardent. \u00bb"},"content":{"rendered":"<p><img loading=\"lazy\" decoding=\"async\" class=\"aligncenter  wp-image-24814\" src=\"https:\/\/www.associationdemarie.org\/blog\/wp-content\/uploads\/2024\/09\/12-10-724x1024.jpg\" alt=\"\" width=\"359\" height=\"508\" srcset=\"https:\/\/www.associationdemarie.org\/blog\/wp-content\/uploads\/2024\/09\/12-10-724x1024.jpg 724w, https:\/\/www.associationdemarie.org\/blog\/wp-content\/uploads\/2024\/09\/12-10-212x300.jpg 212w, https:\/\/www.associationdemarie.org\/blog\/wp-content\/uploads\/2024\/09\/12-10-768x1087.jpg 768w, https:\/\/www.associationdemarie.org\/blog\/wp-content\/uploads\/2024\/09\/12-10.jpg 1060w\" sizes=\"auto, (max-width: 359px) 100vw, 359px\" \/><\/p>\n<p>C&rsquo;est dans le silence \u00e9ternel de la vie int\u00e9rieure de Dieu que la d\u00e9cision de la r\u00e9demption a \u00e9t\u00e9 prise. Et c&rsquo;est dans l&rsquo;obscurit\u00e9 d&rsquo;une maison silencieuse de Nazareth que la force de l&rsquo;Esprit Saint est descendue sur la Vierge, seule et en pri\u00e8re, et que l&rsquo;incarnation du Sauveur s&rsquo;est r\u00e9alis\u00e9e. Ensuite, r\u00e9unie autour de la Vierge silencieuse en pri\u00e8re (Ac 1,14), l&rsquo;\u00c9glise naissante esp\u00e9rait la nouvelle effusion de l&rsquo;Esprit, qui avait \u00e9t\u00e9 promise pour lui donner vie, lui donner sa clart\u00e9 int\u00e9rieure, sa f\u00e9condit\u00e9 et son efficacit\u00e9&#8230;<\/p>\n<p>Dans ce dialogue silencieux entre les \u00eatres b\u00e9nis de Dieu et leur Seigneur se pr\u00e9parent les \u00e9v\u00e9nements de l&rsquo;histoire de l&rsquo;\u00c9glise, visibles de loin et qui renouvellent la face de la terre (Ps 103,30). La Vierge, qui gardait dans son c\u0153ur chaque parole dite de la part du Seigneur (Lc 1,45; 2,19), pr\u00e9figure les \u00eatres attentifs en qui la pri\u00e8re sacerdotale de J\u00e9sus rena\u00eet sans cesse \u00e0 la vie.<\/p>\n<h3 class=\"GospelCommentaryAuthor-name commentary-author font-2\">Sainte Th\u00e9r\u00e8se-B\u00e9n\u00e9dicte de la Croix [\u00c9dith Stein] (1891-1942)<\/h3>\n<p>&nbsp;<\/p>\n<p>&nbsp;<\/p>\n<p>&nbsp;<\/p>\n","protected":false},"excerpt":{"rendered":"<p>C&rsquo;est dans le silence \u00e9ternel de la vie int\u00e9rieure de Dieu que la d\u00e9cision de la r\u00e9demption a \u00e9t\u00e9 prise. Et c&rsquo;est dans l&rsquo;obscurit\u00e9 d&rsquo;une maison silencieuse de Nazareth que la force de l&rsquo;Esprit Saint est descendue sur la Vierge, seule et en pri\u00e8re, et que l&rsquo;incarnation du Sauveur s&rsquo;est r\u00e9alis\u00e9e. Ensuite, r\u00e9unie autour de [&hellip;]<\/p>\n","protected":false},"author":2,"featured_media":0,"comment_status":"closed","ping_status":"closed","sticky":false,"template":"","format":"standard","meta":{"footnotes":""},"categories":[13,1261],"tags":[771,1108,1189],"class_list":["post-24813","post","type-post","status-publish","format-standard","hentry","category-ecritures","category-enseignement-2","tag-parole-divine","tag-ste-therese-benedicte-de-la-croix","tag-vierge-marie"],"_links":{"self":[{"href":"https:\/\/www.associationdemarie.org\/blog\/wp-json\/wp\/v2\/posts\/24813","targetHints":{"allow":["GET"]}}],"collection":[{"href":"https:\/\/www.associationdemarie.org\/blog\/wp-json\/wp\/v2\/posts"}],"about":[{"href":"https:\/\/www.associationdemarie.org\/blog\/wp-json\/wp\/v2\/types\/post"}],"author":[{"embeddable":true,"href":"https:\/\/www.associationdemarie.org\/blog\/wp-json\/wp\/v2\/users\/2"}],"replies":[{"embeddable":true,"href":"https:\/\/www.associationdemarie.org\/blog\/wp-json\/wp\/v2\/comments?post=24813"}],"version-history":[{"count":1,"href":"https:\/\/www.associationdemarie.org\/blog\/wp-json\/wp\/v2\/posts\/24813\/revisions"}],"predecessor-version":[{"id":24815,"href":"https:\/\/www.associationdemarie.org\/blog\/wp-json\/wp\/v2\/posts\/24813\/revisions\/24815"}],"wp:attachment":[{"href":"https:\/\/www.associationdemarie.org\/blog\/wp-json\/wp\/v2\/media?parent=24813"}],"wp:term":[{"taxonomy":"category","embeddable":true,"href":"https:\/\/www.associationdemarie.org\/blog\/wp-json\/wp\/v2\/categories?post=24813"},{"taxonomy":"post_tag","embeddable":true,"href":"https:\/\/www.associationdemarie.org\/blog\/wp-json\/wp\/v2\/tags?post=24813"}],"curies":[{"name":"wp","href":"https:\/\/api.w.org\/{rel}","templated":true}]}}