{"id":24755,"date":"2024-09-28T01:01:55","date_gmt":"2024-09-28T00:01:55","guid":{"rendered":"http:\/\/www.associationdemarie.org\/blog\/?p=24755"},"modified":"2024-09-07T07:03:51","modified_gmt":"2024-09-07T06:03:51","slug":"le-fils-de-lhomme-va-etre-livre-aux-mains-des-hommes-3","status":"publish","type":"post","link":"https:\/\/www.associationdemarie.org\/blog\/le-fils-de-lhomme-va-etre-livre-aux-mains-des-hommes-3\/","title":{"rendered":"\u00ab Le fils de l&rsquo;homme va \u00eatre livr\u00e9 aux mains des hommes. \u00bb"},"content":{"rendered":"<p><img loading=\"lazy\" decoding=\"async\" class=\"aligncenter  wp-image-24756\" src=\"https:\/\/www.associationdemarie.org\/blog\/wp-content\/uploads\/2024\/09\/28-09-1024x576.jpg\" alt=\"\" width=\"471\" height=\"265\" srcset=\"https:\/\/www.associationdemarie.org\/blog\/wp-content\/uploads\/2024\/09\/28-09-1024x576.jpg 1024w, https:\/\/www.associationdemarie.org\/blog\/wp-content\/uploads\/2024\/09\/28-09-300x169.jpg 300w, https:\/\/www.associationdemarie.org\/blog\/wp-content\/uploads\/2024\/09\/28-09-768x432.jpg 768w, https:\/\/www.associationdemarie.org\/blog\/wp-content\/uploads\/2024\/09\/28-09.jpg 1200w\" sizes=\"auto, (max-width: 471px) 100vw, 471px\" \/><\/p>\n<p>Quand les soldats romains eurent flagell\u00e9 J\u00e9sus, couronn\u00e9 d&rsquo;\u00e9pines et rev\u00eatu d&rsquo;un manteau de d\u00e9rision, ils l&rsquo;ont ramen\u00e9 \u00e0 Pilate. Ce militaire au c\u0153ur dur a \u00e9t\u00e9 apparemment boulevers\u00e9 \u00e0 la vue de cet homme d\u00e9truit, bris\u00e9. Il l&rsquo;a pr\u00e9sent\u00e9 \u00e0 la foule, l&rsquo;invitant \u00e0 la piti\u00e9, en d\u00e9clarant : \u00ab Idou ho anthropos ; Ecce homo \u00bb que nous traduisons habituellement par \u00ab Voici l&rsquo;homme ! \u00bb (Jn 19,5) Mais cela veut dire plus exactement en grec : \u00ab Voyez, ceci est l&rsquo;homme ! \u00bb Dans la bouche de Pilate, ces mots \u00e9taient ceux d&rsquo;un cynique qui voulait dire : \u00ab Nous nous glorifions d&rsquo;\u00eatre des hommes, mais maintenant, regardez donc, le voil\u00e0, ce ver de terre, c&rsquo;est l&rsquo;homme ! Qu&rsquo;il est m\u00e9prisable, qu&rsquo;il est petit ! \u00bb Dans ces mots cyniques, l&rsquo;\u00e9vang\u00e9liste Jean a tout de m\u00eame reconnu des paroles proph\u00e9tiques qu&rsquo;il a transmises \u00e0 la chr\u00e9tient\u00e9.<\/p>\n<p>Oui, Pilate a raison quand il dit : \u00ab Voyez, ceci est l&rsquo;homme ! \u00bb En lui, en J\u00e9sus Christ, nous pouvons lire ce qu&rsquo;est l&rsquo;homme, le projet de Dieu, et quel traitement nous lui r\u00e9servons. En J\u00e9sus d\u00e9chir\u00e9, nous pouvons voir combien l&rsquo;homme peut \u00eatre cruel, petit et mesquin. En lui, nous pouvons lire l&rsquo;histoire de la haine de l&rsquo;homme et celle du p\u00e9ch\u00e9. Mais en lui, en son amour qui souffre pour nous, nous pouvons voir encore davantage la r\u00e9ponse de Dieu : Oui, ceci est l&rsquo;homme, que Dieu a aim\u00e9 jusqu&rsquo;\u00e0 la poussi\u00e8re, que Dieu a aim\u00e9 au point de le suivre jusqu&rsquo;\u00e0 l&rsquo;ultime souffrance de la mort. Jusque dans le dernier abaissement, il reste l&rsquo;appel\u00e9 de Dieu, le fr\u00e8re de J\u00e9sus Christ, appel\u00e9 \u00e0 prendre part \u00e0 l&rsquo;amour \u00e9ternel de Dieu.<\/p>\n<p>La question \u00ab Qu&rsquo;est-ce que l&rsquo;homme ? \u00bb trouve sa r\u00e9ponse dans l&rsquo;imitation de J\u00e9sus Christ. En mettant nos pas dans les siens, nous pouvons apprendre jour apr\u00e8s jour ce qu&rsquo;est l&rsquo;homme, dans la patience de l&rsquo;amour et de la souffrance avec J\u00e9sus Christ, et devenir ainsi des hommes. Ainsi, nous voulons lever les yeux vers celui que Pilate, que l&rsquo;\u00c9glise nous pr\u00e9sentent. L&rsquo;homme, c&rsquo;est Lui. Prions-le afin qu&rsquo;il nous apprenne \u00e0 devenir v\u00e9ritablement des hommes, \u00e0 \u00eatre des hommes.<\/p>\n<h3 class=\"GospelCommentaryAuthor-name commentary-author font-2\">Cardinal Joseph Ratzinger<\/h3>\n<p>&nbsp;<\/p>\n<p>&nbsp;<\/p>\n<p>&nbsp;<\/p>\n<p>&nbsp;<\/p>\n<p>&nbsp;<\/p>\n<p>&nbsp;<\/p>\n","protected":false},"excerpt":{"rendered":"<p>Quand les soldats romains eurent flagell\u00e9 J\u00e9sus, couronn\u00e9 d&rsquo;\u00e9pines et rev\u00eatu d&rsquo;un manteau de d\u00e9rision, ils l&rsquo;ont ramen\u00e9 \u00e0 Pilate. Ce militaire au c\u0153ur dur a \u00e9t\u00e9 apparemment boulevers\u00e9 \u00e0 la vue de cet homme d\u00e9truit, bris\u00e9. Il l&rsquo;a pr\u00e9sent\u00e9 \u00e0 la foule, l&rsquo;invitant \u00e0 la piti\u00e9, en d\u00e9clarant : \u00ab Idou ho anthropos ; [&hellip;]<\/p>\n","protected":false},"author":2,"featured_media":0,"comment_status":"closed","ping_status":"closed","sticky":false,"template":"","format":"standard","meta":{"footnotes":""},"categories":[13,1261],"tags":[142,777],"class_list":["post-24755","post","type-post","status-publish","format-standard","hentry","category-ecritures","category-enseignement-2","tag-benoit-16","tag-passion"],"_links":{"self":[{"href":"https:\/\/www.associationdemarie.org\/blog\/wp-json\/wp\/v2\/posts\/24755","targetHints":{"allow":["GET"]}}],"collection":[{"href":"https:\/\/www.associationdemarie.org\/blog\/wp-json\/wp\/v2\/posts"}],"about":[{"href":"https:\/\/www.associationdemarie.org\/blog\/wp-json\/wp\/v2\/types\/post"}],"author":[{"embeddable":true,"href":"https:\/\/www.associationdemarie.org\/blog\/wp-json\/wp\/v2\/users\/2"}],"replies":[{"embeddable":true,"href":"https:\/\/www.associationdemarie.org\/blog\/wp-json\/wp\/v2\/comments?post=24755"}],"version-history":[{"count":2,"href":"https:\/\/www.associationdemarie.org\/blog\/wp-json\/wp\/v2\/posts\/24755\/revisions"}],"predecessor-version":[{"id":24758,"href":"https:\/\/www.associationdemarie.org\/blog\/wp-json\/wp\/v2\/posts\/24755\/revisions\/24758"}],"wp:attachment":[{"href":"https:\/\/www.associationdemarie.org\/blog\/wp-json\/wp\/v2\/media?parent=24755"}],"wp:term":[{"taxonomy":"category","embeddable":true,"href":"https:\/\/www.associationdemarie.org\/blog\/wp-json\/wp\/v2\/categories?post=24755"},{"taxonomy":"post_tag","embeddable":true,"href":"https:\/\/www.associationdemarie.org\/blog\/wp-json\/wp\/v2\/tags?post=24755"}],"curies":[{"name":"wp","href":"https:\/\/api.w.org\/{rel}","templated":true}]}}