{"id":24752,"date":"2024-09-27T01:56:38","date_gmt":"2024-09-27T00:56:38","guid":{"rendered":"http:\/\/www.associationdemarie.org\/blog\/?p=24752"},"modified":"2024-09-07T06:58:32","modified_gmt":"2024-09-07T05:58:32","slug":"il-leur-defendit-vivement-de-reveler-a-personne-quil-etait-le-messie-de-dieu","status":"publish","type":"post","link":"https:\/\/www.associationdemarie.org\/blog\/il-leur-defendit-vivement-de-reveler-a-personne-quil-etait-le-messie-de-dieu\/","title":{"rendered":"\u00ab Il leur d\u00e9fendit vivement de r\u00e9v\u00e9ler \u00e0 personne qu&rsquo;il \u00e9tait le Messie de Dieu. \u00bb"},"content":{"rendered":"<p><img loading=\"lazy\" decoding=\"async\" class=\"aligncenter size-full wp-image-24753\" src=\"https:\/\/www.associationdemarie.org\/blog\/wp-content\/uploads\/2024\/09\/27-09-saint-thomas.jpg\" alt=\"\" width=\"416\" height=\"395\" srcset=\"https:\/\/www.associationdemarie.org\/blog\/wp-content\/uploads\/2024\/09\/27-09-saint-thomas.jpg 416w, https:\/\/www.associationdemarie.org\/blog\/wp-content\/uploads\/2024\/09\/27-09-saint-thomas-300x285.jpg 300w\" sizes=\"auto, (max-width: 416px) 100vw, 416px\" \/><\/p>\n<p>\u00ab Alors, il enjoignit aux disciples de ne dire \u00e0 personne qu&rsquo;il \u00e9tait le Christ. \u00bb Pourquoi cet ordre ? Pour que, une fois que tout sujet de scandale serait \u00e9cart\u00e9, la croix et sa Passion accomplies, tout obstacle capable de d\u00e9tourner la foule de croire en lui repouss\u00e9, la connaissance exacte de qui il \u00e9tait puisse se graver profond\u00e9ment et \u00e0 tout jamais dans les c\u0153urs. Sa puissance n&rsquo;avait pas encore brill\u00e9 d&rsquo;une fa\u00e7on \u00e9clatante. Avant que les ap\u00f4tres ne la pr\u00eachent, il attendait que l&rsquo;\u00e9vidence de la v\u00e9rit\u00e9 et que l&rsquo;autorit\u00e9 des faits puissent confirmer leur t\u00e9moignage.<\/p>\n<p>Car c&rsquo;\u00e9tait une chose de le voir maintenant multiplier les prodiges en Palestine, puis en butte aux pers\u00e9cutions et aux outrages \u2014 et la croix allait suivre ces prodiges ; c&rsquo;en \u00e9tait une autre de le voir ador\u00e9, cru par toute la terre, sauv\u00e9 des mauvais traitements qu&rsquo;il avait autrefois subis. Voil\u00e0 pourquoi il leur recommande de ne rien dire \u00e0 personne\u2026 Si les ap\u00f4tres, qui avaient \u00e9t\u00e9 t\u00e9moins des miracles, qui avaient particip\u00e9 \u00e0 tant de myst\u00e8res inexprimables, avaient du mal \u00e0 accepter une seule parole concernant la Passion, et avec eux Pierre lui-m\u00eame, leur chef \u00e0 tous (Mt 16,22), qu&rsquo;aurait pens\u00e9 le commun des mortels ? Apr\u00e8s avoir entendu dire que J\u00e9sus \u00e9tait le Fils de Dieu, que penseraient-ils \u00e0 le voir souill\u00e9 de crachats et clou\u00e9 \u00e0 la croix ? Et cela avant la venue du Saint Esprit, quand on ne connaissait pas encore la raison de ces myst\u00e8res ?<\/p>\n<h3 class=\"GospelCommentaryAuthor-name commentary-author font-2\">Saint Jean Chrysostome (v. 345-407)<\/h3>\n<p>&nbsp;<\/p>\n<p>&nbsp;<\/p>\n<p>&nbsp;<\/p>\n","protected":false},"excerpt":{"rendered":"<p>\u00ab Alors, il enjoignit aux disciples de ne dire \u00e0 personne qu&rsquo;il \u00e9tait le Christ. \u00bb Pourquoi cet ordre ? Pour que, une fois que tout sujet de scandale serait \u00e9cart\u00e9, la croix et sa Passion accomplies, tout obstacle capable de d\u00e9tourner la foule de croire en lui repouss\u00e9, la connaissance exacte de qui il [&hellip;]<\/p>\n","protected":false},"author":2,"featured_media":0,"comment_status":"closed","ping_status":"closed","sticky":false,"template":"","format":"standard","meta":{"footnotes":""},"categories":[13,1261],"tags":[84,1043],"class_list":["post-24752","post","type-post","status-publish","format-standard","hentry","category-ecritures","category-enseignement-2","tag-apotres","tag-st-jean-chrysostome"],"_links":{"self":[{"href":"https:\/\/www.associationdemarie.org\/blog\/wp-json\/wp\/v2\/posts\/24752","targetHints":{"allow":["GET"]}}],"collection":[{"href":"https:\/\/www.associationdemarie.org\/blog\/wp-json\/wp\/v2\/posts"}],"about":[{"href":"https:\/\/www.associationdemarie.org\/blog\/wp-json\/wp\/v2\/types\/post"}],"author":[{"embeddable":true,"href":"https:\/\/www.associationdemarie.org\/blog\/wp-json\/wp\/v2\/users\/2"}],"replies":[{"embeddable":true,"href":"https:\/\/www.associationdemarie.org\/blog\/wp-json\/wp\/v2\/comments?post=24752"}],"version-history":[{"count":1,"href":"https:\/\/www.associationdemarie.org\/blog\/wp-json\/wp\/v2\/posts\/24752\/revisions"}],"predecessor-version":[{"id":24754,"href":"https:\/\/www.associationdemarie.org\/blog\/wp-json\/wp\/v2\/posts\/24752\/revisions\/24754"}],"wp:attachment":[{"href":"https:\/\/www.associationdemarie.org\/blog\/wp-json\/wp\/v2\/media?parent=24752"}],"wp:term":[{"taxonomy":"category","embeddable":true,"href":"https:\/\/www.associationdemarie.org\/blog\/wp-json\/wp\/v2\/categories?post=24752"},{"taxonomy":"post_tag","embeddable":true,"href":"https:\/\/www.associationdemarie.org\/blog\/wp-json\/wp\/v2\/tags?post=24752"}],"curies":[{"name":"wp","href":"https:\/\/api.w.org\/{rel}","templated":true}]}}