{"id":24746,"date":"2024-09-25T01:17:06","date_gmt":"2024-09-25T00:17:06","guid":{"rendered":"http:\/\/www.associationdemarie.org\/blog\/?p=24746"},"modified":"2024-09-06T07:18:34","modified_gmt":"2024-09-06T06:18:34","slug":"il-les-envoya-proclamer-le-regne-de-dieu-2","status":"publish","type":"post","link":"https:\/\/www.associationdemarie.org\/blog\/il-les-envoya-proclamer-le-regne-de-dieu-2\/","title":{"rendered":"\u00ab Il les envoya proclamer le r\u00e8gne de Dieu. \u00bb"},"content":{"rendered":"<p><img loading=\"lazy\" decoding=\"async\" class=\"aligncenter size-full wp-image-24747\" src=\"https:\/\/www.associationdemarie.org\/blog\/wp-content\/uploads\/2024\/09\/25-09.jpeg\" alt=\"\" width=\"245\" height=\"206\" \/><\/p>\n<p>Envoy\u00e9e par Dieu aux peuples pour \u00eatre \u00ab le sacrement universel du salut \u00bb, l&rsquo;\u00c9glise, en vertu des exigences intimes de sa propre catholicit\u00e9, et ob\u00e9issant au commandement de son Fondateur (cf Mc 16,15), est tendue de tout son effort vers la pr\u00e9dication de l&rsquo;\u00c9vangile \u00e0 tous les hommes. Les ap\u00f4tres eux-m\u00eames, en effet, sur lesquels l&rsquo;\u00c9glise a \u00e9t\u00e9 fond\u00e9e, ont suivi les traces du Christ, \u00ab pr\u00each\u00e9 la parole de v\u00e9rit\u00e9 et engendr\u00e9 des \u00e9glises \u00bb (St Augustin). Le devoir de leurs successeurs est de perp\u00e9tuer cette \u0153uvre, afin que \u00ab la parole de Dieu soit divulgu\u00e9e et glorifi\u00e9e \u00bb (2Th 3,1), le Royaume de Dieu annonc\u00e9 et instaur\u00e9 dans le monde entier.<\/p>\n<p>Mais, dans l&rsquo;ordre actuel des choses, dont d\u00e9coulent de nouvelles conditions pour l&rsquo;humanit\u00e9, l&rsquo;\u00c9glise, sel de la terre et lumi\u00e8re du monde (cf Mt 5,13-14), est appel\u00e9e de fa\u00e7on plus pressante \u00e0 sauver et \u00e0 r\u00e9nover toute cr\u00e9ature, afin que tout soit restaur\u00e9 dans le Christ, et qu&rsquo;en lui les hommes constituent une seule famille et un seul peuple de Dieu.<\/p>\n<h3 class=\"GospelCommentaryAuthor-name commentary-author font-2\">Concile Vatican II<\/h3>\n<p>&nbsp;<\/p>\n<p>&nbsp;<\/p>\n<p>&nbsp;<\/p>\n","protected":false},"excerpt":{"rendered":"<p>Envoy\u00e9e par Dieu aux peuples pour \u00eatre \u00ab le sacrement universel du salut \u00bb, l&rsquo;\u00c9glise, en vertu des exigences intimes de sa propre catholicit\u00e9, et ob\u00e9issant au commandement de son Fondateur (cf Mc 16,15), est tendue de tout son effort vers la pr\u00e9dication de l&rsquo;\u00c9vangile \u00e0 tous les hommes. Les ap\u00f4tres eux-m\u00eames, en effet, sur [&hellip;]<\/p>\n","protected":false},"author":2,"featured_media":0,"comment_status":"closed","ping_status":"closed","sticky":false,"template":"","format":"standard","meta":{"footnotes":""},"categories":[13,1261],"tags":[84,387,1174],"class_list":["post-24746","post","type-post","status-publish","format-standard","hentry","category-ecritures","category-enseignement-2","tag-apotres","tag-evangelisation","tag-vatican-2"],"_links":{"self":[{"href":"https:\/\/www.associationdemarie.org\/blog\/wp-json\/wp\/v2\/posts\/24746","targetHints":{"allow":["GET"]}}],"collection":[{"href":"https:\/\/www.associationdemarie.org\/blog\/wp-json\/wp\/v2\/posts"}],"about":[{"href":"https:\/\/www.associationdemarie.org\/blog\/wp-json\/wp\/v2\/types\/post"}],"author":[{"embeddable":true,"href":"https:\/\/www.associationdemarie.org\/blog\/wp-json\/wp\/v2\/users\/2"}],"replies":[{"embeddable":true,"href":"https:\/\/www.associationdemarie.org\/blog\/wp-json\/wp\/v2\/comments?post=24746"}],"version-history":[{"count":1,"href":"https:\/\/www.associationdemarie.org\/blog\/wp-json\/wp\/v2\/posts\/24746\/revisions"}],"predecessor-version":[{"id":24748,"href":"https:\/\/www.associationdemarie.org\/blog\/wp-json\/wp\/v2\/posts\/24746\/revisions\/24748"}],"wp:attachment":[{"href":"https:\/\/www.associationdemarie.org\/blog\/wp-json\/wp\/v2\/media?parent=24746"}],"wp:term":[{"taxonomy":"category","embeddable":true,"href":"https:\/\/www.associationdemarie.org\/blog\/wp-json\/wp\/v2\/categories?post=24746"},{"taxonomy":"post_tag","embeddable":true,"href":"https:\/\/www.associationdemarie.org\/blog\/wp-json\/wp\/v2\/tags?post=24746"}],"curies":[{"name":"wp","href":"https:\/\/api.w.org\/{rel}","templated":true}]}}