{"id":24743,"date":"2024-09-24T01:13:24","date_gmt":"2024-09-24T00:13:24","guid":{"rendered":"http:\/\/www.associationdemarie.org\/blog\/?p=24743"},"modified":"2024-09-05T11:15:12","modified_gmt":"2024-09-05T10:15:12","slug":"nous-sommes-ses-freres-parce-que-sa-mere-a-entendu-la-parole-et-la-mise-en-pratique-2","status":"publish","type":"post","link":"https:\/\/www.associationdemarie.org\/blog\/nous-sommes-ses-freres-parce-que-sa-mere-a-entendu-la-parole-et-la-mise-en-pratique-2\/","title":{"rendered":"Nous sommes ses fr\u00e8res parce que sa m\u00e8re a entendu la parole et l&rsquo;a mise en pratique"},"content":{"rendered":"<p><img loading=\"lazy\" decoding=\"async\" class=\"aligncenter size-full wp-image-24744\" src=\"https:\/\/www.associationdemarie.org\/blog\/wp-content\/uploads\/2024\/09\/24-09.jpg\" alt=\"\" width=\"489\" height=\"405\" srcset=\"https:\/\/www.associationdemarie.org\/blog\/wp-content\/uploads\/2024\/09\/24-09.jpg 489w, https:\/\/www.associationdemarie.org\/blog\/wp-content\/uploads\/2024\/09\/24-09-300x248.jpg 300w\" sizes=\"auto, (max-width: 489px) 100vw, 489px\" \/><\/p>\n<p>La Vierge Marie a \u00e9t\u00e9 ob\u00e9issante quand elle a dit : \u00ab Voici ta servante, Seigneur ; qu&rsquo;il me soit fait selon ta parole \u00bb (Lc 1,38). \u00c8ve, au contraire, avait \u00e9t\u00e9 d\u00e9sob\u00e9issante ; elle avait d\u00e9sob\u00e9i lorsqu&rsquo;elle \u00e9tait encore vierge&#8230; De m\u00eame donc qu\u2019\u00c8ve, en d\u00e9sob\u00e9issant, est devenue cause de mort pour elle-m\u00eame et pour tout le genre humain, de m\u00eame Marie, ayant pour \u00e9poux celui qui lui avait \u00e9t\u00e9 destin\u00e9 par avance et cependant vierge, est devenue, en ob\u00e9issant, cause de salut pour elle-m\u00eame et pour tout le genre humain&#8230; Car ce qui a \u00e9t\u00e9 li\u00e9 ne peut \u00eatre d\u00e9li\u00e9 que si l&rsquo;on refait en sens inverse les boucles du n\u0153ud ; c&rsquo;est de la sorte qu&rsquo;un premier lien est d\u00e9nou\u00e9 par un second et que le second tient lieu de d\u00e9nouement \u00e0 l&rsquo;\u00e9gard du premier.<\/p>\n<p>C&rsquo;est pourquoi le Seigneur disait que les premiers seraient les derniers, et les derniers les premiers (Mt 19,30). Le proph\u00e8te aussi affirme la m\u00eame chose en disant : \u00ab Au lieu de p\u00e8res qu&rsquo;ils \u00e9taient, ils sont devenus tes fils \u00bb (Ps 44,17). Car le Seigneur, en devenant \u00ab le Premier-n\u00e9 des morts \u00bb et en recevant dans son sein les anciens p\u00e8res, les a fait rena\u00eetre \u00e0 la vie de Dieu, devenant lui-m\u00eame \u00ab le principe des vivants \u00bb (Col 1,18) parce qu&rsquo;Adam \u00e9tait devenu le principe des morts. C&rsquo;est aussi pourquoi Luc a commenc\u00e9 sa g\u00e9n\u00e9alogie par le Seigneur, pour la faire remonter de celui-ci jusqu&rsquo;\u00e0 Adam (Lc 3,23s), indiquant par l\u00e0 que ce ne sont pas les p\u00e8res qui ont donn\u00e9 la vie au Seigneur, mais lui au contraire qui les a fait rena\u00eetre dans l\u2019\u00c9vangile de vie. Ainsi \u00e9galement le n\u0153ud de la d\u00e9sob\u00e9issance d&rsquo;\u00c8ve a \u00e9t\u00e9 d\u00e9nou\u00e9 par l&rsquo;ob\u00e9issance de Marie, car ce que la vierge \u00c8ve avait li\u00e9 par son incr\u00e9dulit\u00e9, la Vierge Marie l&rsquo;a d\u00e9li\u00e9 par sa foi.<\/p>\n<h3 class=\"GospelCommentaryAuthor-name commentary-author font-2\">Saint Ir\u00e9n\u00e9e de Lyon (v. 130-v. 208)<\/h3>\n<p>&nbsp;<\/p>\n<p>&nbsp;<\/p>\n<p>&nbsp;<\/p>\n","protected":false},"excerpt":{"rendered":"<p>La Vierge Marie a \u00e9t\u00e9 ob\u00e9issante quand elle a dit : \u00ab Voici ta servante, Seigneur ; qu&rsquo;il me soit fait selon ta parole \u00bb (Lc 1,38). \u00c8ve, au contraire, avait \u00e9t\u00e9 d\u00e9sob\u00e9issante ; elle avait d\u00e9sob\u00e9i lorsqu&rsquo;elle \u00e9tait encore vierge&#8230; De m\u00eame donc qu\u2019\u00c8ve, en d\u00e9sob\u00e9issant, est devenue cause de mort pour elle-m\u00eame et [&hellip;]<\/p>\n","protected":false},"author":2,"featured_media":0,"comment_status":"closed","ping_status":"closed","sticky":false,"template":"","format":"standard","meta":{"footnotes":""},"categories":[13,1261],"tags":[41,437,1039,1189],"class_list":["post-24743","post","type-post","status-publish","format-standard","hentry","category-ecritures","category-enseignement-2","tag-adam-et-eve","tag-freres","tag-st-irenee","tag-vierge-marie"],"_links":{"self":[{"href":"https:\/\/www.associationdemarie.org\/blog\/wp-json\/wp\/v2\/posts\/24743","targetHints":{"allow":["GET"]}}],"collection":[{"href":"https:\/\/www.associationdemarie.org\/blog\/wp-json\/wp\/v2\/posts"}],"about":[{"href":"https:\/\/www.associationdemarie.org\/blog\/wp-json\/wp\/v2\/types\/post"}],"author":[{"embeddable":true,"href":"https:\/\/www.associationdemarie.org\/blog\/wp-json\/wp\/v2\/users\/2"}],"replies":[{"embeddable":true,"href":"https:\/\/www.associationdemarie.org\/blog\/wp-json\/wp\/v2\/comments?post=24743"}],"version-history":[{"count":1,"href":"https:\/\/www.associationdemarie.org\/blog\/wp-json\/wp\/v2\/posts\/24743\/revisions"}],"predecessor-version":[{"id":24745,"href":"https:\/\/www.associationdemarie.org\/blog\/wp-json\/wp\/v2\/posts\/24743\/revisions\/24745"}],"wp:attachment":[{"href":"https:\/\/www.associationdemarie.org\/blog\/wp-json\/wp\/v2\/media?parent=24743"}],"wp:term":[{"taxonomy":"category","embeddable":true,"href":"https:\/\/www.associationdemarie.org\/blog\/wp-json\/wp\/v2\/categories?post=24743"},{"taxonomy":"post_tag","embeddable":true,"href":"https:\/\/www.associationdemarie.org\/blog\/wp-json\/wp\/v2\/tags?post=24743"}],"curies":[{"name":"wp","href":"https:\/\/api.w.org\/{rel}","templated":true}]}}