{"id":24733,"date":"2024-09-21T01:06:35","date_gmt":"2024-09-21T00:06:35","guid":{"rendered":"http:\/\/www.associationdemarie.org\/blog\/?p=24733"},"modified":"2024-09-04T06:08:26","modified_gmt":"2024-09-04T05:08:26","slug":"fete-de-saint-matthieu-apotre-et-evangeliste-8","status":"publish","type":"post","link":"https:\/\/www.associationdemarie.org\/blog\/fete-de-saint-matthieu-apotre-et-evangeliste-8\/","title":{"rendered":"F\u00eate de saint Matthieu, ap\u00f4tre et \u00e9vang\u00e9liste"},"content":{"rendered":"<p><img loading=\"lazy\" decoding=\"async\" class=\"aligncenter  wp-image-24734\" src=\"https:\/\/www.associationdemarie.org\/blog\/wp-content\/uploads\/2024\/09\/21-09-saint-matthieu.jpg\" alt=\"\" width=\"459\" height=\"305\" srcset=\"https:\/\/www.associationdemarie.org\/blog\/wp-content\/uploads\/2024\/09\/21-09-saint-matthieu.jpg 1000w, https:\/\/www.associationdemarie.org\/blog\/wp-content\/uploads\/2024\/09\/21-09-saint-matthieu-300x200.jpg 300w, https:\/\/www.associationdemarie.org\/blog\/wp-content\/uploads\/2024\/09\/21-09-saint-matthieu-768x511.jpg 768w\" sizes=\"auto, (max-width: 459px) 100vw, 459px\" \/><\/p>\n<p>Le premier moyen de pers\u00e9v\u00e9rer dans le chemin qui conduit au ciel, c\u2019est d\u2019\u00eatre fid\u00e8le \u00e0 suivre et \u00e0 profiter des mouvements de la gr\u00e2ce que Dieu veut bien nous accorder. Tous les saints ne sont redevables de leur bonheur qu\u2019\u00e0 leur fid\u00e9lit\u00e9 \u00e0 suivre les mouvements que l\u2019Esprit Saint leur a donn\u00e9s, et les damn\u00e9s ne peuvent attribuer leur malheur qu\u2019au m\u00e9pris qu\u2019ils en ont fait. Cela seul peut suffire pour vous en faire sentir tout le prix et la n\u00e9cessit\u00e9 d\u2019y \u00eatre fid\u00e8les.<\/p>\n<p>Mais me direz-vous, comment, par quel moyen pouvons-nous conna\u00eetre que nous correspondons \u00e0 ce que la gr\u00e2ce veut de nous, ou bien que nous y r\u00e9sistons ? Si vous ne savez pas, \u00e9coutez-moi un instant, et vous en connaitrez le plus essentiel. Je dis d\u2019abord que la gr\u00e2ce, c\u2019est une pens\u00e9e qui nous fait sentir la n\u00e9cessit\u00e9 d\u2019\u00e9viter le mal et de faire le bien. (\u2026) Les saints ne se sont sanctifi\u00e9s que par leur grande attention \u00e0 suivre toutes les bonnes inspirations que le bon Dieu leur envoyait, et les damn\u00e9s ne sont tomb\u00e9s en enfer que parce qu\u2019ils les ont m\u00e9pris\u00e9s. (\u2026)<\/p>\n<p>Nous voyons dans l\u2019\u00c9vangile que toutes les conversions que J\u00e9sus-Christ a op\u00e9r\u00e9es pendant sa vie ont \u00e9t\u00e9 appuy\u00e9es sur la pers\u00e9v\u00e9rance. Comment est-ce que saint Matthieu a \u00e9t\u00e9 converti ? Nous savons bien que J\u00e9sus-Christ, l\u2019ayant vu dans son bureau, lui dit de le suivre, et qu\u2019il le suivit, mais ce qui nous assure que sa conversion a \u00e9t\u00e9 v\u00e9ritable, c\u2019est qu\u2019il ne rentra plus dans ce bureau, qu\u2019il ne commit plus d\u2019injustice ; c\u2019est qu\u2019apr\u00e8s avoir commenc\u00e9 \u00e0 suivre J\u00e9sus-Christ, il ne le quitta plus. La pers\u00e9v\u00e9rance dans la gr\u00e2ce, le renoncement pour toujours au p\u00e9ch\u00e9, furent les marques tr\u00e8s certaines de sa conversion.<\/p>\n<h3 class=\"GospelCommentaryAuthor-name commentary-author font-2\">Saint Jean-Marie Vianney (1786-1859)<\/h3>\n<p>&nbsp;<\/p>\n<p>&nbsp;<\/p>\n<p>&nbsp;<\/p>\n","protected":false},"excerpt":{"rendered":"<p>Le premier moyen de pers\u00e9v\u00e9rer dans le chemin qui conduit au ciel, c\u2019est d\u2019\u00eatre fid\u00e8le \u00e0 suivre et \u00e0 profiter des mouvements de la gr\u00e2ce que Dieu veut bien nous accorder. Tous les saints ne sont redevables de leur bonheur qu\u2019\u00e0 leur fid\u00e9lit\u00e9 \u00e0 suivre les mouvements que l\u2019Esprit Saint leur a donn\u00e9s, et les [&hellip;]<\/p>\n","protected":false},"author":2,"featured_media":0,"comment_status":"closed","ping_status":"closed","sticky":false,"template":"","format":"standard","meta":{"footnotes":""},"categories":[28],"tags":[1023,1059],"class_list":["post-24733","post","type-post","status-publish","format-standard","hentry","category-saints-et-saintes","tag-st-cure-dars","tag-st-matthieu"],"_links":{"self":[{"href":"https:\/\/www.associationdemarie.org\/blog\/wp-json\/wp\/v2\/posts\/24733","targetHints":{"allow":["GET"]}}],"collection":[{"href":"https:\/\/www.associationdemarie.org\/blog\/wp-json\/wp\/v2\/posts"}],"about":[{"href":"https:\/\/www.associationdemarie.org\/blog\/wp-json\/wp\/v2\/types\/post"}],"author":[{"embeddable":true,"href":"https:\/\/www.associationdemarie.org\/blog\/wp-json\/wp\/v2\/users\/2"}],"replies":[{"embeddable":true,"href":"https:\/\/www.associationdemarie.org\/blog\/wp-json\/wp\/v2\/comments?post=24733"}],"version-history":[{"count":2,"href":"https:\/\/www.associationdemarie.org\/blog\/wp-json\/wp\/v2\/posts\/24733\/revisions"}],"predecessor-version":[{"id":24736,"href":"https:\/\/www.associationdemarie.org\/blog\/wp-json\/wp\/v2\/posts\/24733\/revisions\/24736"}],"wp:attachment":[{"href":"https:\/\/www.associationdemarie.org\/blog\/wp-json\/wp\/v2\/media?parent=24733"}],"wp:term":[{"taxonomy":"category","embeddable":true,"href":"https:\/\/www.associationdemarie.org\/blog\/wp-json\/wp\/v2\/categories?post=24733"},{"taxonomy":"post_tag","embeddable":true,"href":"https:\/\/www.associationdemarie.org\/blog\/wp-json\/wp\/v2\/tags?post=24733"}],"curies":[{"name":"wp","href":"https:\/\/api.w.org\/{rel}","templated":true}]}}