{"id":24723,"date":"2024-09-18T01:59:49","date_gmt":"2024-09-18T00:59:49","guid":{"rendered":"http:\/\/www.associationdemarie.org\/blog\/?p=24723"},"modified":"2024-09-02T07:02:09","modified_gmt":"2024-09-02T06:02:09","slug":"dans-leglise-le-christ-nous-appelle-a-la-conversion-3","status":"publish","type":"post","link":"https:\/\/www.associationdemarie.org\/blog\/dans-leglise-le-christ-nous-appelle-a-la-conversion-3\/","title":{"rendered":"Dans l\u2019\u00c9glise le Christ nous appelle \u00e0 la conversion"},"content":{"rendered":"<p><img loading=\"lazy\" decoding=\"async\" class=\"aligncenter  wp-image-24724\" src=\"https:\/\/www.associationdemarie.org\/blog\/wp-content\/uploads\/2024\/09\/18-09.png\" alt=\"\" width=\"462\" height=\"298\" srcset=\"https:\/\/www.associationdemarie.org\/blog\/wp-content\/uploads\/2024\/09\/18-09.png 500w, https:\/\/www.associationdemarie.org\/blog\/wp-content\/uploads\/2024\/09\/18-09-300x194.png 300w\" sizes=\"auto, (max-width: 462px) 100vw, 462px\" \/><\/p>\n<p>L&rsquo;\u00c9glise vit d&rsquo;une vie authentique lorsqu&rsquo;elle professe et proclame la mis\u00e9ricorde, attribut le plus admirable du Cr\u00e9ateur et du R\u00e9dempteur, et lorsqu&rsquo;elle conduit les hommes aux sources de la mis\u00e9ricorde du Sauveur, dont elle est la d\u00e9positaire et la dispensatrice. Dans ce cadre, la m\u00e9ditation constante de la parole de Dieu, et surtout la participation consciente et r\u00e9fl\u00e9chie \u00e0 l&rsquo;eucharistie et au sacrement de p\u00e9nitence ou de r\u00e9conciliation ont une grande signification.<\/p>\n<p>L&rsquo;eucharistie nous rapproche toujours de cet \u00ab amour plus fort que la mort \u00bb (Ct 8,6) : en effet \u00ab chaque fois que nous mangeons ce pain et que nous buvons cette coupe \u00bb, non seulement \u00ab nous annon\u00e7ons la mort \u00bb du R\u00e9dempteur, mais aussi \u00ab nous proclamons sa r\u00e9surrection, dans l&rsquo;attente de sa venue dans la gloire \u00bb (Missel romain; cf 1Co 11,26). La liturgie eucharistique, c\u00e9l\u00e9br\u00e9e en m\u00e9moire de celui qui, dans sa mission messianique, nous a r\u00e9v\u00e9l\u00e9 le P\u00e8re par sa parole et par sa croix atteste l&rsquo;amour in\u00e9puisable en vertu duquel il d\u00e9sire toujours s&rsquo;unir \u00e0 nous et ne faire qu&rsquo;un avec nous, allant \u00e0 la rencontre de tous les c\u0153urs humains.<\/p>\n<p>C&rsquo;est le sacrement de la p\u00e9nitence ou de la r\u00e9conciliation qui \u00ab aplanit la route \u00bb (Lc 3,3; Is 40,3) de chacun, m\u00eame quand il est accabl\u00e9 par de lourdes fautes. Dans ce sacrement, tout homme peut exp\u00e9rimenter de mani\u00e8re unique la mis\u00e9ricorde, c&rsquo;est-\u00e0-dire l&rsquo;amour qui est plus fort que le p\u00e9ch\u00e9.<\/p>\n<h3 class=\"GospelCommentaryAuthor-name commentary-author font-2\">Saint Jean-Paul II (1920-2005)<\/h3>\n<p>&nbsp;<\/p>\n<p>&nbsp;<\/p>\n<p>&nbsp;<\/p>\n","protected":false},"excerpt":{"rendered":"<p>L&rsquo;\u00c9glise vit d&rsquo;une vie authentique lorsqu&rsquo;elle professe et proclame la mis\u00e9ricorde, attribut le plus admirable du Cr\u00e9ateur et du R\u00e9dempteur, et lorsqu&rsquo;elle conduit les hommes aux sources de la mis\u00e9ricorde du Sauveur, dont elle est la d\u00e9positaire et la dispensatrice. Dans ce cadre, la m\u00e9ditation constante de la parole de Dieu, et surtout la participation [&hellip;]<\/p>\n","protected":false},"author":2,"featured_media":0,"comment_status":"closed","ping_status":"closed","sticky":false,"template":"","format":"standard","meta":{"footnotes":""},"categories":[13,1261],"tags":[261,336,385,868,916,1253],"class_list":["post-24723","post","type-post","status-publish","format-standard","hentry","category-ecritures","category-enseignement-2","tag-conversion","tag-eglise","tag-eucharistie","tag-reconciliation","tag-sacrement","tag-st-jean-paul-2"],"_links":{"self":[{"href":"https:\/\/www.associationdemarie.org\/blog\/wp-json\/wp\/v2\/posts\/24723","targetHints":{"allow":["GET"]}}],"collection":[{"href":"https:\/\/www.associationdemarie.org\/blog\/wp-json\/wp\/v2\/posts"}],"about":[{"href":"https:\/\/www.associationdemarie.org\/blog\/wp-json\/wp\/v2\/types\/post"}],"author":[{"embeddable":true,"href":"https:\/\/www.associationdemarie.org\/blog\/wp-json\/wp\/v2\/users\/2"}],"replies":[{"embeddable":true,"href":"https:\/\/www.associationdemarie.org\/blog\/wp-json\/wp\/v2\/comments?post=24723"}],"version-history":[{"count":2,"href":"https:\/\/www.associationdemarie.org\/blog\/wp-json\/wp\/v2\/posts\/24723\/revisions"}],"predecessor-version":[{"id":24726,"href":"https:\/\/www.associationdemarie.org\/blog\/wp-json\/wp\/v2\/posts\/24723\/revisions\/24726"}],"wp:attachment":[{"href":"https:\/\/www.associationdemarie.org\/blog\/wp-json\/wp\/v2\/media?parent=24723"}],"wp:term":[{"taxonomy":"category","embeddable":true,"href":"https:\/\/www.associationdemarie.org\/blog\/wp-json\/wp\/v2\/categories?post=24723"},{"taxonomy":"post_tag","embeddable":true,"href":"https:\/\/www.associationdemarie.org\/blog\/wp-json\/wp\/v2\/tags?post=24723"}],"curies":[{"name":"wp","href":"https:\/\/api.w.org\/{rel}","templated":true}]}}