{"id":24680,"date":"2024-09-06T01:49:05","date_gmt":"2024-09-06T00:49:05","guid":{"rendered":"http:\/\/www.associationdemarie.org\/blog\/?p=24680"},"modified":"2024-08-23T07:50:33","modified_gmt":"2024-08-23T06:50:33","slug":"pendant-que-lepoux-est-avec-eux-2","status":"publish","type":"post","link":"https:\/\/www.associationdemarie.org\/blog\/pendant-que-lepoux-est-avec-eux-2\/","title":{"rendered":"\u00ab Pendant que l&rsquo;\u00c9poux est avec eux. \u00bb"},"content":{"rendered":"<p><img loading=\"lazy\" decoding=\"async\" class=\"aligncenter size-full wp-image-24681\" src=\"https:\/\/www.associationdemarie.org\/blog\/wp-content\/uploads\/2024\/08\/6-09.jpeg\" alt=\"\" width=\"244\" height=\"206\" \/><\/p>\n<p>\u00ab Nous l&rsquo;avons vu, \u00e9crit saint Jean, et nous en sommes les t\u00e9moins \u00bb (1Jn 1,2). O\u00f9 l&rsquo;ont-ils vu ? Dans sa manifestation. Qu&rsquo;est-ce \u00e0 dire, dans sa manifestation ? Sous le soleil, autrement dit dans cette lumi\u00e8re visible. Mais comment aurait-on pu voir sous le soleil celui qui a fait le soleil, s&rsquo;il n&rsquo;avait \u00ab dress\u00e9 sa tente sous le soleil et, semblable \u00e0 l&rsquo;\u00e9poux qui sort de sa couche, ne s&rsquo;\u00e9tait \u00e9lanc\u00e9 comme un vaillant pour courir sa carri\u00e8re \u00bb ? (Ps 18,6 Vulg) Il est avant le soleil, celui qui a fait le soleil, il est avant l&rsquo;\u00e9toile du matin, avant tous les astres, avant tous les anges, vrai Cr\u00e9ateur, car \u00ab tout a \u00e9t\u00e9 fait par lui et sans lui rien n&rsquo;a \u00e9t\u00e9 fait \u00bb (Jn 1,3). Voulant se faire voir \u00e0 nos yeux de chair qui voient le soleil, il a dress\u00e9 sa tente sous le soleil, c&rsquo;est-\u00e0-dire a montr\u00e9 sa chair en se manifestant dans cette lumi\u00e8re terrestre, et la couche de cet \u00e9poux a \u00e9t\u00e9 le sein de la Vierge.<\/p>\n<p>Car en ce sein virginal, ils se sont unis tous les deux, l&rsquo;\u00e9poux et l&rsquo;\u00e9pouse, le Verbe \u00e9poux et la chair \u00e9pouse. Comme il est \u00e9crit : \u00ab Ils seront deux en une seule chair \u00bb (Gn 2,24 Vulg) ; et le Seigneur dit dans l&rsquo;\u00c9vangile : \u00ab Voil\u00e0 pourquoi d\u00e9sormais ils ne sont plus deux, mais une seule chair \u00bb (Mt 19,6). Isa\u00efe exprime au mieux comment ces deux ne font qu&rsquo;un lorsque, parlant au nom du Christ, il dit : \u00ab Comme un \u00e9poux, il m&rsquo;a couronn\u00e9 du diad\u00e8me, et comme une \u00e9pouse, il m&rsquo;a par\u00e9e de bijoux \u00bb (61,10). Un seul semble parler, et il se donne \u00e0 la fois pour l&rsquo;\u00e9poux et pour l&rsquo;\u00e9pouse ; ils ne sont pas deux, mais une seule chair, car \u00ab le Verbe s&rsquo;est fait chair et il a habit\u00e9 parmi nous \u00bb (Jn 1,14). \u00c0 cette chair se joint l&rsquo;\u00c9glise, et c&rsquo;est le Christ total, t\u00eate et corps (Ep 1,22).<\/p>\n<h3 class=\"GospelCommentaryAuthor-name commentary-author font-2\">Saint Augustin (354-430)<\/h3>\n<p>&nbsp;<\/p>\n<p>&nbsp;<\/p>\n<p>&nbsp;<\/p>\n","protected":false},"excerpt":{"rendered":"<p>\u00ab Nous l&rsquo;avons vu, \u00e9crit saint Jean, et nous en sommes les t\u00e9moins \u00bb (1Jn 1,2). O\u00f9 l&rsquo;ont-ils vu ? Dans sa manifestation. Qu&rsquo;est-ce \u00e0 dire, dans sa manifestation ? Sous le soleil, autrement dit dans cette lumi\u00e8re visible. Mais comment aurait-on pu voir sous le soleil celui qui a fait le soleil, s&rsquo;il n&rsquo;avait [&hellip;]<\/p>\n","protected":false},"author":2,"featured_media":0,"comment_status":"closed","ping_status":"closed","sticky":false,"template":"","format":"standard","meta":{"footnotes":""},"categories":[13,1261],"tags":[1012],"class_list":["post-24680","post","type-post","status-publish","format-standard","hentry","category-ecritures","category-enseignement-2","tag-st-augustin"],"_links":{"self":[{"href":"https:\/\/www.associationdemarie.org\/blog\/wp-json\/wp\/v2\/posts\/24680","targetHints":{"allow":["GET"]}}],"collection":[{"href":"https:\/\/www.associationdemarie.org\/blog\/wp-json\/wp\/v2\/posts"}],"about":[{"href":"https:\/\/www.associationdemarie.org\/blog\/wp-json\/wp\/v2\/types\/post"}],"author":[{"embeddable":true,"href":"https:\/\/www.associationdemarie.org\/blog\/wp-json\/wp\/v2\/users\/2"}],"replies":[{"embeddable":true,"href":"https:\/\/www.associationdemarie.org\/blog\/wp-json\/wp\/v2\/comments?post=24680"}],"version-history":[{"count":1,"href":"https:\/\/www.associationdemarie.org\/blog\/wp-json\/wp\/v2\/posts\/24680\/revisions"}],"predecessor-version":[{"id":24682,"href":"https:\/\/www.associationdemarie.org\/blog\/wp-json\/wp\/v2\/posts\/24680\/revisions\/24682"}],"wp:attachment":[{"href":"https:\/\/www.associationdemarie.org\/blog\/wp-json\/wp\/v2\/media?parent=24680"}],"wp:term":[{"taxonomy":"category","embeddable":true,"href":"https:\/\/www.associationdemarie.org\/blog\/wp-json\/wp\/v2\/categories?post=24680"},{"taxonomy":"post_tag","embeddable":true,"href":"https:\/\/www.associationdemarie.org\/blog\/wp-json\/wp\/v2\/tags?post=24680"}],"curies":[{"name":"wp","href":"https:\/\/api.w.org\/{rel}","templated":true}]}}