{"id":24617,"date":"2024-08-19T01:54:24","date_gmt":"2024-08-19T00:54:24","guid":{"rendered":"http:\/\/www.associationdemarie.org\/blog\/?p=24617"},"modified":"2024-08-05T06:56:21","modified_gmt":"2024-08-05T05:56:21","slug":"les-ruptures-du-chretien-et-de-leglise","status":"publish","type":"post","link":"https:\/\/www.associationdemarie.org\/blog\/les-ruptures-du-chretien-et-de-leglise\/","title":{"rendered":"Les ruptures du chr\u00e9tien et de l\u2019\u00c9glise"},"content":{"rendered":"<p><img loading=\"lazy\" decoding=\"async\" class=\"aligncenter  wp-image-24618\" src=\"https:\/\/www.associationdemarie.org\/blog\/wp-content\/uploads\/2024\/08\/19-08.png\" alt=\"\" width=\"458\" height=\"430\" srcset=\"https:\/\/www.associationdemarie.org\/blog\/wp-content\/uploads\/2024\/08\/19-08.png 799w, https:\/\/www.associationdemarie.org\/blog\/wp-content\/uploads\/2024\/08\/19-08-300x282.png 300w, https:\/\/www.associationdemarie.org\/blog\/wp-content\/uploads\/2024\/08\/19-08-768x721.png 768w\" sizes=\"auto, (max-width: 458px) 100vw, 458px\" \/><\/p>\n<p>Les ruptures n\u00e9cessaires \u00e0 l\u2019\u00c9glise et \u00e0 un chr\u00e9tien, les ruptures n\u00e9cessaires avec le monde pour sauver le monde et les ruptures n\u00e9cessaires pour que l\u2019\u00c9glise soit en marche, doivent \u00eatre plac\u00e9es l\u00e0 o\u00f9 il faut, mais elles sont fondamentales. Je crois qu\u2019il est important que nous prenions conscience des ruptures qui sont les ruptures chr\u00e9tiennes et sans lesquelles une vie chr\u00e9tienne n\u2019est pas chr\u00e9tienne \u00e9l\u00e9mentairement, des ruptures qui sont demand\u00e9es \u00e0 tout chr\u00e9tien simplement parce qu\u2019il est un baptis\u00e9. On ne peut pas devenir la chair et le sang de l\u2019\u00c9glise par le bapt\u00eame, \u00eatre la chair et le sang de son corps, du corps du Christ, sans qu\u2019il y ait entre le monde et nous des oppositions qui sont des ruptures ; et c\u2019est par ces ruptures que nous devenons aptes \u00e0 participer \u00e0 la r\u00e9demption du Christ.<\/p>\n<p>\u00ab En m\u00eame temps, dit Paul VI, que l\u2019\u00c9glise prend plus pleinement conscience de certaines exigences int\u00e9rieures, elle est sollicit\u00e9e plus fortement par les besoins du monde auquel elle est destin\u00e9e. \u00bb De m\u00eame, c\u2019est parce que nous sommes baptis\u00e9s, parce que nous avons re\u00e7u le Saint-Esprit, parce que normalement il doit travailler en nous, qu\u2019il doit nous entra\u00eener dans la marche qu\u2019il imprime \u00e0 l\u2019\u00c9glise. Or, tout ce qui bouge rompt avec quelque chose. On pourrait dire que la libert\u00e9 \u00e9l\u00e9mentaire, essentielle des enfants de Dieu, a pour ran\u00e7on des ruptures. Mais une rupture n\u2019est chr\u00e9tienne que si elle se motive par l\u2019union au Christ et la participation \u00e0 l\u2019\u0153uvre du Christ. On ne rompt pas pour rompre. Le corps tout entier, toute l\u2019\u00c9glise du Christ a besoin de ces ruptures fondamentales. (\u2026) Ce sont des ruptures qui doivent nous rendre libres d\u2019appartenir uniquement et d\u00e9finitivement \u00e0 J\u00e9sus-Christ ; des ruptures qui doivent nous donner la libert\u00e9 d\u2019essayer par sa gr\u00e2ce de vivre une vie toute de charit\u00e9 selon l\u2019\u00c9vangile. Ce sont des ruptures qui doivent nous donner la libert\u00e9 d\u2019\u00eatre disponibles \u00e0 sa volont\u00e9 au plus intime de l\u2019\u00c9glise.<\/p>\n<h3 class=\"GospelCommentaryAuthor-name commentary-author font-2\">V\u00e9n\u00e9rable Madeleine Delbr\u00eal (1904-1964)<\/h3>\n<p>&nbsp;<\/p>\n<p>&nbsp;<\/p>\n<p>&nbsp;<\/p>\n","protected":false},"excerpt":{"rendered":"<p>Les ruptures n\u00e9cessaires \u00e0 l\u2019\u00c9glise et \u00e0 un chr\u00e9tien, les ruptures n\u00e9cessaires avec le monde pour sauver le monde et les ruptures n\u00e9cessaires pour que l\u2019\u00c9glise soit en marche, doivent \u00eatre plac\u00e9es l\u00e0 o\u00f9 il faut, mais elles sont fondamentales. Je crois qu\u2019il est important que nous prenions conscience des ruptures qui sont les ruptures [&hellip;]<\/p>\n","protected":false},"author":2,"featured_media":0,"comment_status":"closed","ping_status":"closed","sticky":false,"template":"","format":"standard","meta":{"footnotes":""},"categories":[13,1261],"tags":[336,1554],"class_list":["post-24617","post","type-post","status-publish","format-standard","hentry","category-ecritures","category-enseignement-2","tag-eglise","tag-venerable-madeleine-delbrel"],"_links":{"self":[{"href":"https:\/\/www.associationdemarie.org\/blog\/wp-json\/wp\/v2\/posts\/24617","targetHints":{"allow":["GET"]}}],"collection":[{"href":"https:\/\/www.associationdemarie.org\/blog\/wp-json\/wp\/v2\/posts"}],"about":[{"href":"https:\/\/www.associationdemarie.org\/blog\/wp-json\/wp\/v2\/types\/post"}],"author":[{"embeddable":true,"href":"https:\/\/www.associationdemarie.org\/blog\/wp-json\/wp\/v2\/users\/2"}],"replies":[{"embeddable":true,"href":"https:\/\/www.associationdemarie.org\/blog\/wp-json\/wp\/v2\/comments?post=24617"}],"version-history":[{"count":2,"href":"https:\/\/www.associationdemarie.org\/blog\/wp-json\/wp\/v2\/posts\/24617\/revisions"}],"predecessor-version":[{"id":24620,"href":"https:\/\/www.associationdemarie.org\/blog\/wp-json\/wp\/v2\/posts\/24617\/revisions\/24620"}],"wp:attachment":[{"href":"https:\/\/www.associationdemarie.org\/blog\/wp-json\/wp\/v2\/media?parent=24617"}],"wp:term":[{"taxonomy":"category","embeddable":true,"href":"https:\/\/www.associationdemarie.org\/blog\/wp-json\/wp\/v2\/categories?post=24617"},{"taxonomy":"post_tag","embeddable":true,"href":"https:\/\/www.associationdemarie.org\/blog\/wp-json\/wp\/v2\/tags?post=24617"}],"curies":[{"name":"wp","href":"https:\/\/api.w.org\/{rel}","templated":true}]}}