{"id":24603,"date":"2024-08-15T01:09:11","date_gmt":"2024-08-15T00:09:11","guid":{"rendered":"http:\/\/www.associationdemarie.org\/blog\/?p=24603"},"modified":"2024-08-01T07:10:58","modified_gmt":"2024-08-01T06:10:58","slug":"solennite-de-lassomption-de-la-vierge-marie-patronne-principale-de-la-france-8","status":"publish","type":"post","link":"https:\/\/www.associationdemarie.org\/blog\/solennite-de-lassomption-de-la-vierge-marie-patronne-principale-de-la-france-8\/","title":{"rendered":"Solennit\u00e9 de l&rsquo;Assomption de la Vierge Marie, patronne principale de la France"},"content":{"rendered":"<p><img loading=\"lazy\" decoding=\"async\" class=\"aligncenter  wp-image-24604\" src=\"https:\/\/www.associationdemarie.org\/blog\/wp-content\/uploads\/2024\/08\/15-08.jpg\" alt=\"\" width=\"352\" height=\"502\" srcset=\"https:\/\/www.associationdemarie.org\/blog\/wp-content\/uploads\/2024\/08\/15-08.jpg 564w, https:\/\/www.associationdemarie.org\/blog\/wp-content\/uploads\/2024\/08\/15-08-210x300.jpg 210w\" sizes=\"auto, (max-width: 352px) 100vw, 352px\" \/><\/p>\n<p>Lors donc que la Vierge des vierges \u00e9tait conduite par son Dieu et Fils, le Roi des rois, dans l\u2019all\u00e9gresse des anges, la joie des archanges, parmi les acclamations du ciel, alors s\u2019accomplit la proph\u00e9tie de David disant au Seigneur : \u00ab La reine se tient \u00e0 ta droite, dans un v\u00eatement d\u2019or et des ornements vari\u00e9s. \u00bb (cf. Ps 44,10) Alors, selon la Parole de Salomon, \u00ab les jeunes filles se sont lev\u00e9es et l\u2019ont proclam\u00e9e bienheureuse, et les reines \u00e0 leur tour ont chant\u00e9 sa louange \u00bb (cf. Pr 31,28). (\u2026) Entra\u00een\u00e9e, elle non plus ne pouvait cesser de louer, elle qui voyait le Fils de Dieu, n\u00e9 d\u2019elle, si\u00e9ger \u00e0 la droite de la majest\u00e9 du P\u00e8re et la prendre avec lui dans la gloire. \u00ab Tu as tenu, dit-elle, ma main droite et tu m\u2019as conduite selon ta volont\u00e9, et dans la gloire tu m\u2019as re\u00e7ue. \u00bb (cf. Ps 72,24) (\u2026) \u00c9lev\u00e9e au milieu des acclamations de joie et de louange, elle est donc plac\u00e9e, premi\u00e8re apr\u00e8s Dieu, sur un tr\u00f4ne de gloire, au-dessus de tous les habitants du ciel. (\u2026)<\/p>\n<p>Puis, s\u2019abaissant vers le genre humain avec une indicible charit\u00e9 et tournant vers nous ces yeux si mis\u00e9ricordieux qui sont la lumi\u00e8re du ciel, elle fait monter une pri\u00e8re universelle pour le clerg\u00e9 et le peuple, hommes et femmes, vivants et morts. Du ciel, la Vierge toute glorieuse nous vient en aide ici-bas, et par sa pri\u00e8re toute-puissante, elle chasse tous les maux et donne tous les biens ; pour tous ceux qui la prient du fond du c\u0153ur, elle se fait leur protection pour la vie pr\u00e9sente et pour la vie future. (\u2026) Assur\u00e9ment, elle obtiendra ce qu\u2019elle voudra, cette m\u00e8re ch\u00e9rie, elle dont les tr\u00e8s chastes entrailles ont \u00e9t\u00e9 le chemin par o\u00f9 le Verbe de Dieu est venu jusqu&rsquo;\u00e0 nous pour laver dans son sang les souillures du monde et la caution de l\u2019antique p\u00e9ch\u00e9 : J\u00e9sus-Christ, notre Seigneur, qui vit et r\u00e8gne avec Dieu le P\u00e8re dans l\u2019unit\u00e9 du Saint-Esprit, Dieu dans tous les si\u00e8cles des si\u00e8cles. Amen.<\/p>\n<h3 class=\"GospelCommentaryAuthor-name commentary-author font-2\">Saint Am\u00e9d\u00e9e de Lausanne (1108-1159)<\/h3>\n<p>&nbsp;<\/p>\n<p>&nbsp;<\/p>\n<p>&nbsp;<\/p>\n","protected":false},"excerpt":{"rendered":"<p>Lors donc que la Vierge des vierges \u00e9tait conduite par son Dieu et Fils, le Roi des rois, dans l\u2019all\u00e9gresse des anges, la joie des archanges, parmi les acclamations du ciel, alors s\u2019accomplit la proph\u00e9tie de David disant au Seigneur : \u00ab La reine se tient \u00e0 ta droite, dans un v\u00eatement d\u2019or et des [&hellip;]<\/p>\n","protected":false},"author":2,"featured_media":0,"comment_status":"closed","ping_status":"closed","sticky":false,"template":"","format":"standard","meta":{"footnotes":""},"categories":[3,28],"tags":[114,1539],"class_list":["post-24603","post","type-post","status-publish","format-standard","hentry","category-liturgique","category-saints-et-saintes","tag-assomption","tag-st-amedee-de-lausanne"],"_links":{"self":[{"href":"https:\/\/www.associationdemarie.org\/blog\/wp-json\/wp\/v2\/posts\/24603","targetHints":{"allow":["GET"]}}],"collection":[{"href":"https:\/\/www.associationdemarie.org\/blog\/wp-json\/wp\/v2\/posts"}],"about":[{"href":"https:\/\/www.associationdemarie.org\/blog\/wp-json\/wp\/v2\/types\/post"}],"author":[{"embeddable":true,"href":"https:\/\/www.associationdemarie.org\/blog\/wp-json\/wp\/v2\/users\/2"}],"replies":[{"embeddable":true,"href":"https:\/\/www.associationdemarie.org\/blog\/wp-json\/wp\/v2\/comments?post=24603"}],"version-history":[{"count":1,"href":"https:\/\/www.associationdemarie.org\/blog\/wp-json\/wp\/v2\/posts\/24603\/revisions"}],"predecessor-version":[{"id":24605,"href":"https:\/\/www.associationdemarie.org\/blog\/wp-json\/wp\/v2\/posts\/24603\/revisions\/24605"}],"wp:attachment":[{"href":"https:\/\/www.associationdemarie.org\/blog\/wp-json\/wp\/v2\/media?parent=24603"}],"wp:term":[{"taxonomy":"category","embeddable":true,"href":"https:\/\/www.associationdemarie.org\/blog\/wp-json\/wp\/v2\/categories?post=24603"},{"taxonomy":"post_tag","embeddable":true,"href":"https:\/\/www.associationdemarie.org\/blog\/wp-json\/wp\/v2\/tags?post=24603"}],"curies":[{"name":"wp","href":"https:\/\/api.w.org\/{rel}","templated":true}]}}