{"id":24599,"date":"2024-08-14T01:18:25","date_gmt":"2024-08-14T00:18:25","guid":{"rendered":"http:\/\/www.associationdemarie.org\/blog\/?p=24599"},"modified":"2024-07-31T06:20:09","modified_gmt":"2024-07-31T05:20:09","slug":"nous-sommes-appeles-freres","status":"publish","type":"post","link":"https:\/\/www.associationdemarie.org\/blog\/nous-sommes-appeles-freres\/","title":{"rendered":"Nous sommes appel\u00e9s : fr\u00e8res !"},"content":{"rendered":"<p><img loading=\"lazy\" decoding=\"async\" class=\"aligncenter  wp-image-24600\" src=\"https:\/\/www.associationdemarie.org\/blog\/wp-content\/uploads\/2024\/07\/14-08-Frere_du_Christ_pour_devenir_frere_des_Hommes.jpg\" alt=\"\" width=\"471\" height=\"313\" srcset=\"https:\/\/www.associationdemarie.org\/blog\/wp-content\/uploads\/2024\/07\/14-08-Frere_du_Christ_pour_devenir_frere_des_Hommes.jpg 640w, https:\/\/www.associationdemarie.org\/blog\/wp-content\/uploads\/2024\/07\/14-08-Frere_du_Christ_pour_devenir_frere_des_Hommes-300x200.jpg 300w\" sizes=\"auto, (max-width: 471px) 100vw, 471px\" \/><\/p>\n<p>Nous formons un seul corps par notre communaut\u00e9 de croyance, notre unit\u00e9 de discipline et notre communion d\u2019esp\u00e9rance. Nous marchons ensemble comme une seule arm\u00e9e pour assi\u00e9ger Dieu et lui forcer la main par nos pri\u00e8res. Cette violence est agr\u00e9able \u00e0 Dieu. Nous prions aussi pour les empereurs et pour leurs ministres, pour l\u2019\u00e9tat pr\u00e9sent du si\u00e8cle et pour la paix. Nous nous assemblons pour nous rem\u00e9morons les saintes \u00c9critures dans lesquelles, selon les circonstances, nous trouvons lumi\u00e8res ou avertissements. Ces paroles sacr\u00e9es nourrissent notre foi, rel\u00e8vent notre esp\u00e9rance, affermissent notre confiance, resserrent notre discipline. C\u2019est l\u00e0 que se font les exhortations, les corrections et les divins jugements. (\u2026)<\/p>\n<p>S\u2019il y a une sorte de caisse commune, elle n\u2019est pas constitu\u00e9e par une somme d\u2019honoraires, comme si la religions \u00e9tait l\u2019objet de commerce. Chacun paie tous les mois son modeste tribut, le jour o\u00f9 il veut, dans la mesure o\u00f9 il le peut et s\u2019il le veut. Personne n\u2019y est oblig\u00e9 ; on apporte spontan\u00e9ment sa part. (\u2026) Cette pratique de la charit\u00e9 est celle qui nous marque le plus aupr\u00e8s de certains : \u00ab Voyez, disent-ils, comme ils s\u2019aiment ! \u00bb Eux, en effet, se d\u00e9testent mutuellement. \u00ab Voyez disent-ils, comme ils sont pr\u00eats \u00e0 mourir les uns pour les autres ! \u00bb (\u2026)<\/p>\n<p>Par le droit de la nature, notre m\u00e8re commune, nous sommes aussi vos fr\u00e8res, mais \u00e0 combien plus forte raison sont appel\u00e9s fr\u00e8res et consid\u00e9r\u00e9s comme tels ceux qui reconnaissent Dieu comme leur seul P\u00e8re, qui se sont abreuv\u00e9s au m\u00eame Esprit de saintet\u00e9, et qui, sortis du m\u00eame sein de l\u2019ignorance, se sont \u00e9merveill\u00e9s devant la m\u00eame lumi\u00e8re de v\u00e9rit\u00e9.<\/p>\n<h3 class=\"GospelCommentaryAuthor-name commentary-author font-2\">Tertullien (v. 155-v. 220)<\/h3>\n<p>&nbsp;<\/p>\n<p>&nbsp;<\/p>\n<p>&nbsp;<\/p>\n","protected":false},"excerpt":{"rendered":"<p>Nous formons un seul corps par notre communaut\u00e9 de croyance, notre unit\u00e9 de discipline et notre communion d\u2019esp\u00e9rance. Nous marchons ensemble comme une seule arm\u00e9e pour assi\u00e9ger Dieu et lui forcer la main par nos pri\u00e8res. Cette violence est agr\u00e9able \u00e0 Dieu. Nous prions aussi pour les empereurs et pour leurs ministres, pour l\u2019\u00e9tat pr\u00e9sent [&hellip;]<\/p>\n","protected":false},"author":2,"featured_media":0,"comment_status":"closed","ping_status":"closed","sticky":false,"template":"","format":"standard","meta":{"footnotes":""},"categories":[13,1261],"tags":[437,1427],"class_list":["post-24599","post","type-post","status-publish","format-standard","hentry","category-ecritures","category-enseignement-2","tag-freres","tag-tertullien"],"_links":{"self":[{"href":"https:\/\/www.associationdemarie.org\/blog\/wp-json\/wp\/v2\/posts\/24599","targetHints":{"allow":["GET"]}}],"collection":[{"href":"https:\/\/www.associationdemarie.org\/blog\/wp-json\/wp\/v2\/posts"}],"about":[{"href":"https:\/\/www.associationdemarie.org\/blog\/wp-json\/wp\/v2\/types\/post"}],"author":[{"embeddable":true,"href":"https:\/\/www.associationdemarie.org\/blog\/wp-json\/wp\/v2\/users\/2"}],"replies":[{"embeddable":true,"href":"https:\/\/www.associationdemarie.org\/blog\/wp-json\/wp\/v2\/comments?post=24599"}],"version-history":[{"count":2,"href":"https:\/\/www.associationdemarie.org\/blog\/wp-json\/wp\/v2\/posts\/24599\/revisions"}],"predecessor-version":[{"id":24602,"href":"https:\/\/www.associationdemarie.org\/blog\/wp-json\/wp\/v2\/posts\/24599\/revisions\/24602"}],"wp:attachment":[{"href":"https:\/\/www.associationdemarie.org\/blog\/wp-json\/wp\/v2\/media?parent=24599"}],"wp:term":[{"taxonomy":"category","embeddable":true,"href":"https:\/\/www.associationdemarie.org\/blog\/wp-json\/wp\/v2\/categories?post=24599"},{"taxonomy":"post_tag","embeddable":true,"href":"https:\/\/www.associationdemarie.org\/blog\/wp-json\/wp\/v2\/tags?post=24599"}],"curies":[{"name":"wp","href":"https:\/\/api.w.org\/{rel}","templated":true}]}}