{"id":24596,"date":"2024-08-13T01:19:52","date_gmt":"2024-08-13T00:19:52","guid":{"rendered":"http:\/\/www.associationdemarie.org\/blog\/?p=24596"},"modified":"2024-07-30T06:21:36","modified_gmt":"2024-07-30T05:21:36","slug":"au-commencement-le-createur-les-fit-homme-et-femme","status":"publish","type":"post","link":"https:\/\/www.associationdemarie.org\/blog\/au-commencement-le-createur-les-fit-homme-et-femme\/","title":{"rendered":"\u00ab Au commencement, le Cr\u00e9ateur les fit homme et femme. \u00bb"},"content":{"rendered":"<p><img loading=\"lazy\" decoding=\"async\" class=\"aligncenter size-full wp-image-24597\" src=\"https:\/\/www.associationdemarie.org\/blog\/wp-content\/uploads\/2024\/07\/13-08.jpg\" alt=\"\" width=\"512\" height=\"451\" srcset=\"https:\/\/www.associationdemarie.org\/blog\/wp-content\/uploads\/2024\/07\/13-08.jpg 512w, https:\/\/www.associationdemarie.org\/blog\/wp-content\/uploads\/2024\/07\/13-08-300x264.jpg 300w\" sizes=\"auto, (max-width: 512px) 100vw, 512px\" \/><\/p>\n<p>Selon son dessein d\u00e8s l&rsquo;origine, Dieu a cr\u00e9\u00e9 l&rsquo;homme et la femme \u00e0 son image. L&rsquo;\u00c9criture dit : \u00ab \u00c0 l&rsquo;image de Dieu il le cr\u00e9a, homme et femme il les cr\u00e9a \u00bb (Gn 1,27). Il est donc important de comprendre, dans le livre de la Gen\u00e8se, cette grande v\u00e9rit\u00e9 : l&rsquo;image de lui-m\u00eame que Dieu a plac\u00e9e dans l&rsquo;homme passe aussi \u00e0 travers la compl\u00e9mentarit\u00e9 des sexes. L&rsquo;homme et la femme, qui s&rsquo;unissent dans le mariage, refl\u00e8tent l&rsquo;image de Dieu et sont en quelque sorte la r\u00e9v\u00e9lation de son amour. Non seulement de l&rsquo;amour que Dieu nourrit pour l&rsquo;\u00eatre humain, mais aussi de la myst\u00e9rieuse communion qui caract\u00e9rise la vie intime des trois Personnes divines.<\/p>\n<p>En outre, on peut consid\u00e9rer comme image de Dieu l&rsquo;engendrement lui-m\u00eame, qui fait de la famille un sanctuaire de la vie. L&rsquo;ap\u00f4tre Paul dit que \u00ab toute parent\u00e9 tire son nom de Dieu \u00bb (Ep 3,14-15). C&rsquo;est lui qui est la source ultime de la vie. On peut donc affirmer que la g\u00e9n\u00e9alogie de toute personne plonge ses racines dans l&rsquo;\u00e9ternel. En engendrant un enfant, les parents agissent comme collaborateurs de Dieu. Mission vraiment sublime ! Par cons\u00e9quent, il n&rsquo;est pas \u00e9tonnant que J\u00e9sus ait voulu \u00e9lever le mariage \u00e0 la dignit\u00e9 de sacrement, et que saint Paul en parle comme d&rsquo;un \u00ab grand myst\u00e8re \u00bb, le mettant en relation avec l&rsquo;union du Christ et son \u00c9glise (Ep 5,32).<\/p>\n<h3 class=\"GospelCommentaryAuthor-name commentary-author font-2\">Saint Jean-Paul II (1920-2005)<\/h3>\n<p>&nbsp;<\/p>\n<p>&nbsp;<\/p>\n<p>&nbsp;<\/p>\n","protected":false},"excerpt":{"rendered":"<p>Selon son dessein d\u00e8s l&rsquo;origine, Dieu a cr\u00e9\u00e9 l&rsquo;homme et la femme \u00e0 son image. L&rsquo;\u00c9criture dit : \u00ab \u00c0 l&rsquo;image de Dieu il le cr\u00e9a, homme et femme il les cr\u00e9a \u00bb (Gn 1,27). Il est donc important de comprendre, dans le livre de la Gen\u00e8se, cette grande v\u00e9rit\u00e9 : l&rsquo;image de lui-m\u00eame que [&hellip;]<\/p>\n","protected":false},"author":2,"featured_media":0,"comment_status":"closed","ping_status":"closed","sticky":false,"template":"","format":"standard","meta":{"footnotes":""},"categories":[13,1261],"tags":[269,448,635,1253],"class_list":["post-24596","post","type-post","status-publish","format-standard","hentry","category-ecritures","category-enseignement-2","tag-creation","tag-genese","tag-mariage","tag-st-jean-paul-2"],"_links":{"self":[{"href":"https:\/\/www.associationdemarie.org\/blog\/wp-json\/wp\/v2\/posts\/24596","targetHints":{"allow":["GET"]}}],"collection":[{"href":"https:\/\/www.associationdemarie.org\/blog\/wp-json\/wp\/v2\/posts"}],"about":[{"href":"https:\/\/www.associationdemarie.org\/blog\/wp-json\/wp\/v2\/types\/post"}],"author":[{"embeddable":true,"href":"https:\/\/www.associationdemarie.org\/blog\/wp-json\/wp\/v2\/users\/2"}],"replies":[{"embeddable":true,"href":"https:\/\/www.associationdemarie.org\/blog\/wp-json\/wp\/v2\/comments?post=24596"}],"version-history":[{"count":1,"href":"https:\/\/www.associationdemarie.org\/blog\/wp-json\/wp\/v2\/posts\/24596\/revisions"}],"predecessor-version":[{"id":24598,"href":"https:\/\/www.associationdemarie.org\/blog\/wp-json\/wp\/v2\/posts\/24596\/revisions\/24598"}],"wp:attachment":[{"href":"https:\/\/www.associationdemarie.org\/blog\/wp-json\/wp\/v2\/media?parent=24596"}],"wp:term":[{"taxonomy":"category","embeddable":true,"href":"https:\/\/www.associationdemarie.org\/blog\/wp-json\/wp\/v2\/categories?post=24596"},{"taxonomy":"post_tag","embeddable":true,"href":"https:\/\/www.associationdemarie.org\/blog\/wp-json\/wp\/v2\/tags?post=24596"}],"curies":[{"name":"wp","href":"https:\/\/api.w.org\/{rel}","templated":true}]}}