{"id":24593,"date":"2024-08-12T01:07:38","date_gmt":"2024-08-12T00:07:38","guid":{"rendered":"http:\/\/www.associationdemarie.org\/blog\/?p=24593"},"modified":"2024-07-29T07:09:56","modified_gmt":"2024-07-29T06:09:56","slug":"le-fils-de-dieu-est-libre-de-tout","status":"publish","type":"post","link":"https:\/\/www.associationdemarie.org\/blog\/le-fils-de-dieu-est-libre-de-tout\/","title":{"rendered":"Le Fils de Dieu est libre de tout"},"content":{"rendered":"<p><img loading=\"lazy\" decoding=\"async\" class=\"aligncenter  wp-image-24594\" src=\"https:\/\/www.associationdemarie.org\/blog\/wp-content\/uploads\/2024\/07\/l-incarnation-pourquoi-dieu-s-est-il-fait-homme_le-b-a-ba-du-christianisme_rcf_792x366.jpg.webp_.jpeg\" alt=\"\" width=\"468\" height=\"280\" srcset=\"https:\/\/www.associationdemarie.org\/blog\/wp-content\/uploads\/2024\/07\/l-incarnation-pourquoi-dieu-s-est-il-fait-homme_le-b-a-ba-du-christianisme_rcf_792x366.jpg.webp_.jpeg 930w, https:\/\/www.associationdemarie.org\/blog\/wp-content\/uploads\/2024\/07\/l-incarnation-pourquoi-dieu-s-est-il-fait-homme_le-b-a-ba-du-christianisme_rcf_792x366.jpg.webp_-300x180.jpeg 300w, https:\/\/www.associationdemarie.org\/blog\/wp-content\/uploads\/2024\/07\/l-incarnation-pourquoi-dieu-s-est-il-fait-homme_le-b-a-ba-du-christianisme_rcf_792x366.jpg.webp_-768x460.jpeg 768w\" sizes=\"auto, (max-width: 468px) 100vw, 468px\" \/><\/p>\n<p>Lorsque le Christ r\u00e9concilia le monde avec Dieu, il n\u2019avait certes pas besoin de r\u00e9conciliation pour lui-m\u00eame. Pour lequel de ses p\u00e9ch\u00e9s aurait-il d\u00fb apaiser Dieu, lui qui n\u2019en avait commis aucun ? Aussi, lorsque les Juifs lui r\u00e9clament le didrachme exig\u00e9 par la Loi, J\u00e9sus dit \u00e0 Pierre : \u00ab Simon, de qui les rois de la terre per\u00e7oivent-ils le tribut ou les imp\u00f4ts ? De leurs fils ou des \u00e9trangers ? \u00bb Pierre r\u00e9pondit : \u00ab Des \u00e9trangers. \u00bb J\u00e9sus reprit : \u00ab les fils en sont donc exempts. Mais pour ne pas faire de scandale, jette l\u2019hame\u00e7on et du premier poisson que tu prendras tu ouvriras la bouche ; tu y trouveras un strat\u00e8re : prends-le et donne-le leur pour moi et pour toi. \u00bb (Mt 17, 25-27)<\/p>\n<p>Le Christ nous montre par l\u00e0 qu\u2019il ne devait rien expier pour des p\u00e9ch\u00e9s personnels, parce qu\u2019il n\u2019\u00e9tait pas esclave du p\u00e9ch\u00e9 mais que, Fils de Dieu, il \u00e9tait libre de toute faute. Le fils \u00e9tait libre et l\u2019esclave en \u00e9tat de p\u00e9ch\u00e9. Puisqu\u2019il est libre de tout, J\u00e9sus ne paie donc rien pour le rachat de son \u00e2me, lui dont le sang pouvait payer largement la r\u00e9demption des p\u00e9ch\u00e9s du monde entier. Il a le droit de lib\u00e9rer les autres, lui qui n\u2019a aucune dette pour lui-m\u00eame.<\/p>\n<p>Mais je vais plus loin. Le Christ n\u2019est pas le seul \u00e0 ne devoir rien payer pour la r\u00e9demption ou l\u2019expiation de p\u00e9ch\u00e9s personnels. Si tu envisages tout homme croyant, tu peux dire qu\u2019aucun ne doit payer pour sa propre expiation, parce que le Christ a expi\u00e9 pour la r\u00e9demption de tous. Quel est l\u2019homme qui trouverait son propre sang capable de le racheter, alors que le Christ a vers\u00e9 le sien pour le rachat de tous ?<\/p>\n<h3 class=\"GospelCommentaryAuthor-name commentary-author font-2\">Saint Ambroise (v. 340-397)<\/h3>\n<p>&nbsp;<\/p>\n<p>&nbsp;<\/p>\n<p>&nbsp;<\/p>\n","protected":false},"excerpt":{"rendered":"<p>Lorsque le Christ r\u00e9concilia le monde avec Dieu, il n\u2019avait certes pas besoin de r\u00e9conciliation pour lui-m\u00eame. Pour lequel de ses p\u00e9ch\u00e9s aurait-il d\u00fb apaiser Dieu, lui qui n\u2019en avait commis aucun ? Aussi, lorsque les Juifs lui r\u00e9clament le didrachme exig\u00e9 par la Loi, J\u00e9sus dit \u00e0 Pierre : \u00ab Simon, de qui les [&hellip;]<\/p>\n","protected":false},"author":2,"featured_media":0,"comment_status":"closed","ping_status":"closed","sticky":false,"template":"","format":"standard","meta":{"footnotes":""},"categories":[13,1261],"tags":[414,872,956,1007],"class_list":["post-24593","post","type-post","status-publish","format-standard","hentry","category-ecritures","category-enseignement-2","tag-fils-de-dieu","tag-redemption","tag-sang","tag-st-ambroise"],"_links":{"self":[{"href":"https:\/\/www.associationdemarie.org\/blog\/wp-json\/wp\/v2\/posts\/24593","targetHints":{"allow":["GET"]}}],"collection":[{"href":"https:\/\/www.associationdemarie.org\/blog\/wp-json\/wp\/v2\/posts"}],"about":[{"href":"https:\/\/www.associationdemarie.org\/blog\/wp-json\/wp\/v2\/types\/post"}],"author":[{"embeddable":true,"href":"https:\/\/www.associationdemarie.org\/blog\/wp-json\/wp\/v2\/users\/2"}],"replies":[{"embeddable":true,"href":"https:\/\/www.associationdemarie.org\/blog\/wp-json\/wp\/v2\/comments?post=24593"}],"version-history":[{"count":1,"href":"https:\/\/www.associationdemarie.org\/blog\/wp-json\/wp\/v2\/posts\/24593\/revisions"}],"predecessor-version":[{"id":24595,"href":"https:\/\/www.associationdemarie.org\/blog\/wp-json\/wp\/v2\/posts\/24593\/revisions\/24595"}],"wp:attachment":[{"href":"https:\/\/www.associationdemarie.org\/blog\/wp-json\/wp\/v2\/media?parent=24593"}],"wp:term":[{"taxonomy":"category","embeddable":true,"href":"https:\/\/www.associationdemarie.org\/blog\/wp-json\/wp\/v2\/categories?post=24593"},{"taxonomy":"post_tag","embeddable":true,"href":"https:\/\/www.associationdemarie.org\/blog\/wp-json\/wp\/v2\/tags?post=24593"}],"curies":[{"name":"wp","href":"https:\/\/api.w.org\/{rel}","templated":true}]}}