{"id":24587,"date":"2024-08-10T01:28:31","date_gmt":"2024-08-10T00:28:31","guid":{"rendered":"http:\/\/www.associationdemarie.org\/blog\/?p=24587"},"modified":"2024-07-27T07:30:10","modified_gmt":"2024-07-27T06:30:10","slug":"fete-de-saint-laurent-diacre-et-martyr-8","status":"publish","type":"post","link":"https:\/\/www.associationdemarie.org\/blog\/fete-de-saint-laurent-diacre-et-martyr-8\/","title":{"rendered":"F\u00eate de saint Laurent, diacre et martyr"},"content":{"rendered":"<p><img loading=\"lazy\" decoding=\"async\" class=\"aligncenter size-full wp-image-24588\" src=\"https:\/\/www.associationdemarie.org\/blog\/wp-content\/uploads\/2024\/07\/10-08.jpg\" alt=\"\" width=\"282\" height=\"512\" srcset=\"https:\/\/www.associationdemarie.org\/blog\/wp-content\/uploads\/2024\/07\/10-08.jpg 282w, https:\/\/www.associationdemarie.org\/blog\/wp-content\/uploads\/2024\/07\/10-08-165x300.jpg 165w\" sizes=\"auto, (max-width: 282px) 100vw, 282px\" \/><\/p>\n<p>Lorsque saint Laurent a vu que l&rsquo;on conduisait l&rsquo;\u00e9v\u00eaque Sixte au martyre, il s&rsquo;est mis \u00e0 pleurer. Ce n&rsquo;\u00e9tait pas la souffrance de son \u00e9v\u00eaque qui lui arrachait des larmes, mais le fait qu&rsquo;il parte au martyre sans lui. C&rsquo;est pourquoi il s&rsquo;est mis \u00e0 l&rsquo;interpeller en ces termes : \u00ab O\u00f9 vas-tu, P\u00e8re, sans ton fils ? Vers quoi te h\u00e2tes-tu, pr\u00eatre saint, sans ton diacre ? Tu avais pourtant l&rsquo;habitude de ne jamais offrir le sacrifice sans ministre ! &#8230; Fais donc la preuve que tu as choisi un bon diacre : celui \u00e0 qui tu as commis le minist\u00e8re du sang du Seigneur, celui avec lequel tu partages les sacrements, refuserais-tu de communier avec lui dans le sacrifice du sang ? \u00bb&#8230;<\/p>\n<p>Le pape Sixte a r\u00e9pondu \u00e0 Laurent : \u00ab Je ne t&rsquo;oublie pas, mon fils, ni ne t&rsquo;abandonne. Mais je te laisse des combats plus grands \u00e0 soutenir. Je suis vieux et je ne peux soutenir qu&rsquo;une lutte l\u00e9g\u00e8re. Quant \u00e0 toi, tu es jeune et il te reste un triomphe bien plus glorieux \u00e0 obtenir contre le tyran. Tu viendras bient\u00f4t. S\u00e8che tes larmes. Dans trois jours, tu me suivras&#8230; \u00bb<\/p>\n<p>Trois jours apr\u00e8s, Laurent est arr\u00eat\u00e9. On lui demande d&rsquo;amener les biens et les tr\u00e9sors de l&rsquo;\u00c9glise. Il promet d&rsquo;ob\u00e9ir. Le lendemain, il revient avec des pauvres. On lui demande o\u00f9 \u00e9taient ces tr\u00e9sors qu&rsquo;il devait amener. Il a montr\u00e9 les pauvres en disant : \u00ab Voil\u00e0 les tr\u00e9sors de l&rsquo;\u00c9glise. Quels tr\u00e9sors meilleurs aurait le Christ, que ceux dont il a dit : &lsquo;Ce que vous aurez fait \u00e0 l&rsquo;un de ces petits, c&rsquo;est \u00e0 moi que vous l&rsquo;avez fait&rsquo; \u00bb (Mt 25,40) ? Laurent a montr\u00e9 ces tr\u00e9sors-l\u00e0 et a \u00e9t\u00e9 vainqueur car le pers\u00e9cuteur n&rsquo;a eu aucune envie de les lui \u00f4ter. Mais dans sa rage, il l&rsquo;a fait br\u00fbler vif.<\/p>\n<h3 class=\"GospelCommentaryAuthor-name commentary-author font-2\">Saint Ambroise (v. 340-397)<\/h3>\n<p>&nbsp;<\/p>\n<p>&nbsp;<\/p>\n<p>&nbsp;<\/p>\n<p>&nbsp;<\/p>\n","protected":false},"excerpt":{"rendered":"<p>Lorsque saint Laurent a vu que l&rsquo;on conduisait l&rsquo;\u00e9v\u00eaque Sixte au martyre, il s&rsquo;est mis \u00e0 pleurer. Ce n&rsquo;\u00e9tait pas la souffrance de son \u00e9v\u00eaque qui lui arrachait des larmes, mais le fait qu&rsquo;il parte au martyre sans lui. C&rsquo;est pourquoi il s&rsquo;est mis \u00e0 l&rsquo;interpeller en ces termes : \u00ab O\u00f9 vas-tu, P\u00e8re, sans [&hellip;]<\/p>\n","protected":false},"author":2,"featured_media":0,"comment_status":"closed","ping_status":"closed","sticky":false,"template":"","format":"standard","meta":{"footnotes":""},"categories":[28],"tags":[647,785,1007,1052],"class_list":["post-24587","post","type-post","status-publish","format-standard","hentry","category-saints-et-saintes","tag-martyr","tag-pauvrete","tag-st-ambroise","tag-st-laurent"],"_links":{"self":[{"href":"https:\/\/www.associationdemarie.org\/blog\/wp-json\/wp\/v2\/posts\/24587","targetHints":{"allow":["GET"]}}],"collection":[{"href":"https:\/\/www.associationdemarie.org\/blog\/wp-json\/wp\/v2\/posts"}],"about":[{"href":"https:\/\/www.associationdemarie.org\/blog\/wp-json\/wp\/v2\/types\/post"}],"author":[{"embeddable":true,"href":"https:\/\/www.associationdemarie.org\/blog\/wp-json\/wp\/v2\/users\/2"}],"replies":[{"embeddable":true,"href":"https:\/\/www.associationdemarie.org\/blog\/wp-json\/wp\/v2\/comments?post=24587"}],"version-history":[{"count":1,"href":"https:\/\/www.associationdemarie.org\/blog\/wp-json\/wp\/v2\/posts\/24587\/revisions"}],"predecessor-version":[{"id":24589,"href":"https:\/\/www.associationdemarie.org\/blog\/wp-json\/wp\/v2\/posts\/24587\/revisions\/24589"}],"wp:attachment":[{"href":"https:\/\/www.associationdemarie.org\/blog\/wp-json\/wp\/v2\/media?parent=24587"}],"wp:term":[{"taxonomy":"category","embeddable":true,"href":"https:\/\/www.associationdemarie.org\/blog\/wp-json\/wp\/v2\/categories?post=24587"},{"taxonomy":"post_tag","embeddable":true,"href":"https:\/\/www.associationdemarie.org\/blog\/wp-json\/wp\/v2\/tags?post=24587"}],"curies":[{"name":"wp","href":"https:\/\/api.w.org\/{rel}","templated":true}]}}