{"id":24579,"date":"2024-08-08T01:01:08","date_gmt":"2024-08-08T00:01:08","guid":{"rendered":"http:\/\/www.associationdemarie.org\/blog\/?p=24579"},"modified":"2024-07-25T06:02:55","modified_gmt":"2024-07-25T05:02:55","slug":"reconnais-le-fils-de-dieu-et-participe-a-la-beatitude","status":"publish","type":"post","link":"https:\/\/www.associationdemarie.org\/blog\/reconnais-le-fils-de-dieu-et-participe-a-la-beatitude\/","title":{"rendered":"Reconnais le Fils de Dieu et participe \u00e0 la b\u00e9atitude"},"content":{"rendered":"<p><img loading=\"lazy\" decoding=\"async\" class=\"aligncenter  wp-image-24580\" src=\"https:\/\/www.associationdemarie.org\/blog\/wp-content\/uploads\/2024\/07\/8-08.jpg\" alt=\"\" width=\"438\" height=\"438\" srcset=\"https:\/\/www.associationdemarie.org\/blog\/wp-content\/uploads\/2024\/07\/8-08.jpg 550w, https:\/\/www.associationdemarie.org\/blog\/wp-content\/uploads\/2024\/07\/8-08-150x150.jpg 150w, https:\/\/www.associationdemarie.org\/blog\/wp-content\/uploads\/2024\/07\/8-08-300x300.jpg 300w\" sizes=\"auto, (max-width: 438px) 100vw, 438px\" \/><\/p>\n<p>Notre Seigneur J\u00e9sus Christ s\u2019est fait homme, quand il \u00e9tait inconnu du grand nombre. Voulant enseigner la v\u00e9rit\u00e9 inconnue, il rassembla ses disciples et leur dit : \u00ab Qui dit-on que je suis, moi le Fils de l\u2019homme ? \u00bb (Mt 16,13).<\/p>\n<p>Il ne cherchait pas une vaine gloire mais il voulait leur r\u00e9v\u00e9ler la v\u00e9rit\u00e9, pour qu\u2019ils n\u2019aillent pas, eux les compagnons de Dieu Fils unique de Dieu, le prendre pour quelque homme ordinaire. Et comme ils lui r\u00e9pondaient : \u00ab Les uns, \u00c9lie ; les autres, J\u00e9r\u00e9mie \u00bb (Mt 16, 14), il leur dit : ces gens-l\u00e0 sont excusables de ne pas savoir ; mais vous, les ap\u00f4tres, qui en mon nom purifiez les l\u00e9preux, chassez les d\u00e9mons, ressuscitez les morts, vous ne devez pas ignorer celui par qui vous accomplissez ces prodiges. Et comme tous gardaient le silence, car cette science-l\u00e0 d\u00e9passait l\u2019homme, Pierre, le chef des ap\u00f4tres, le h\u00e9raut en chef de l\u2019\u00c9glise, ne recourut pas \u00e0 une parole qu\u2019il aurait trouv\u00e9e de lui-m\u00eame : il suivit une inspiration qui ne venait pas de l\u2019homme, mais du P\u00e8re qui \u00e9clairait son intelligence, et il r\u00e9pondit : \u00ab Tu es le Christ \u00bb \u2013 pas simplement \u2013 mais \u00ab le Fils du Dieu vivant \u00bb (Mt 16,16) ; une b\u00e9atitude succ\u00e8de \u00e0 cette parole, car en v\u00e9rit\u00e9 elle d\u00e9passait l\u2019homme ; un sceau est appos\u00e9 \u00e0 cette d\u00e9claration : cette r\u00e9v\u00e9lation-l\u00e0 vient du P\u00e8re ; le Sauveur dit en effet : \u00ab Tu es bienheureux, Simon, fils de Jean, de ce que ce n\u2019est pas la chair et le sang qui t\u2019ont r\u00e9v\u00e9l\u00e9 cela, mais mon P\u00e8re qui est dans les cieux \u00bb (Mt 16,17).<\/p>\n<p>Donc, qui reconna\u00eet notre Seigneur J\u00e9sus Christ comme Fils de Dieu, participe \u00e0 cette b\u00e9atitude ; mais celui qui renie le Fils de Dieu est malheureux et mis\u00e9rable.<\/p>\n<h3 class=\"GospelCommentaryAuthor-name commentary-author font-2\">Saint Cyrille de J\u00e9rusalem (313-350)<\/h3>\n<p>&nbsp;<\/p>\n<p>&nbsp;<\/p>\n<p>&nbsp;<\/p>\n","protected":false},"excerpt":{"rendered":"<p>Notre Seigneur J\u00e9sus Christ s\u2019est fait homme, quand il \u00e9tait inconnu du grand nombre. Voulant enseigner la v\u00e9rit\u00e9 inconnue, il rassembla ses disciples et leur dit : \u00ab Qui dit-on que je suis, moi le Fils de l\u2019homme ? \u00bb (Mt 16,13). Il ne cherchait pas une vaine gloire mais il voulait leur r\u00e9v\u00e9ler la [&hellip;]<\/p>\n","protected":false},"author":2,"featured_media":0,"comment_status":"closed","ping_status":"closed","sticky":false,"template":"","format":"standard","meta":{"footnotes":""},"categories":[13,1261],"tags":[222,1499],"class_list":["post-24579","post","type-post","status-publish","format-standard","hentry","category-ecritures","category-enseignement-2","tag-christ-seigneur","tag-st-cyrille-de-jerusalem"],"_links":{"self":[{"href":"https:\/\/www.associationdemarie.org\/blog\/wp-json\/wp\/v2\/posts\/24579","targetHints":{"allow":["GET"]}}],"collection":[{"href":"https:\/\/www.associationdemarie.org\/blog\/wp-json\/wp\/v2\/posts"}],"about":[{"href":"https:\/\/www.associationdemarie.org\/blog\/wp-json\/wp\/v2\/types\/post"}],"author":[{"embeddable":true,"href":"https:\/\/www.associationdemarie.org\/blog\/wp-json\/wp\/v2\/users\/2"}],"replies":[{"embeddable":true,"href":"https:\/\/www.associationdemarie.org\/blog\/wp-json\/wp\/v2\/comments?post=24579"}],"version-history":[{"count":2,"href":"https:\/\/www.associationdemarie.org\/blog\/wp-json\/wp\/v2\/posts\/24579\/revisions"}],"predecessor-version":[{"id":24582,"href":"https:\/\/www.associationdemarie.org\/blog\/wp-json\/wp\/v2\/posts\/24579\/revisions\/24582"}],"wp:attachment":[{"href":"https:\/\/www.associationdemarie.org\/blog\/wp-json\/wp\/v2\/media?parent=24579"}],"wp:term":[{"taxonomy":"category","embeddable":true,"href":"https:\/\/www.associationdemarie.org\/blog\/wp-json\/wp\/v2\/categories?post=24579"},{"taxonomy":"post_tag","embeddable":true,"href":"https:\/\/www.associationdemarie.org\/blog\/wp-json\/wp\/v2\/tags?post=24579"}],"curies":[{"name":"wp","href":"https:\/\/api.w.org\/{rel}","templated":true}]}}