{"id":24574,"date":"2024-07-23T11:48:58","date_gmt":"2024-07-23T10:48:58","guid":{"rendered":"http:\/\/www.associationdemarie.org\/blog\/?p=24574"},"modified":"2024-07-23T11:48:58","modified_gmt":"2024-07-23T10:48:58","slug":"message-de-juillet-2024","status":"publish","type":"post","link":"https:\/\/www.associationdemarie.org\/blog\/message-de-juillet-2024\/","title":{"rendered":"Message de juillet 2024"},"content":{"rendered":"<p><iframe loading=\"lazy\" title=\"Marie M\u00e8re des hommes - message de juillet 2024\" width=\"500\" height=\"281\" src=\"https:\/\/www.youtube.com\/embed\/FNw0dYjx9uw?feature=oembed\" frameborder=\"0\" allow=\"accelerometer; autoplay; clipboard-write; encrypted-media; gyroscope; picture-in-picture; web-share\" referrerpolicy=\"strict-origin-when-cross-origin\" allowfullscreen><\/iframe><\/p>\n<p>&nbsp;<\/p>\n<p><b>Le 14 juillet 2024<\/b><\/p>\n<p><b>\u00c0 Ardouane, apr\u00e8s le chapelet<span class=\"Apple-converted-space\">\u00a0<\/span><\/b><\/p>\n<p>Mes enfants,<\/p>\n<p>Quelle joie en ce jour de vous voir honorer cette date. Quelle joie de vous voir dans l\u2019amour dans lequel je m\u2019efforce de vous bercer. Quelle d\u00e9licate attention vous me donnez en cette date si pure et pr\u00e9cieuse par son symbole.<\/p>\n<p>Mes enfants, ne vous m\u00e9prisez pas en ces temps qui, je vous le rappelle, seront durs, ou seule votre foi sera votre force, votre bouclier et votre oxyg\u00e8ne pour vivre ou survivre en ce monde qui par sa noirceur se r\u00e9v\u00e8le.<span class=\"Apple-converted-space\">\u00a0<\/span><\/p>\n<p>Mes enfants, arr\u00eatez de douter de vous, il n\u2019y a rien de plus simple que d\u2019avancer sur ce chemin que je vous trace depuis tant de temps. Il vous suffit, mes enfants, de tendre la main \u00e0 autrui, il vous suffit, mes enfants, de croire en ce projet et d\u2019avoir conviction de sa r\u00e9ussite.<span class=\"Apple-converted-space\">\u00a0<\/span><\/p>\n<p>Mes enfants, il n\u2019 y a rien de difficile. La difficult\u00e9 vient de vous. Vous \u00eates dans le sas le plus dur mais par votre foi il sera franchi.<\/p>\n<p>Mes enfants, si vous preniez conscience du soutien qui vous est apport\u00e9 en tout temps. Des personnes vous attendent et vous ne prenez pas la peine de porter ma parole. Arr\u00eatez de vous cacher derri\u00e8re tant de n\u00e9gativit\u00e9, d\u2019excuses qui n\u2019ont pas lieu d \u00eatre et tant de \u00ab\u00a0flemme\u00a0\u00bb. Mes enfants, vous \u00eates tous dans cette mission importants, et votre pr\u00e9sence au quotidien le confirme.<span class=\"Apple-converted-space\">\u00a0<\/span><\/p>\n<p>Recentrez-vous quelques instants et, dans une m\u00e9ditation pure, demandez-vous ce que vous d\u00e9sirez pour cette mission. Prenez Ste Jeanne : quelle puissance il se d\u00e9gage de son amour pour la croix. Prenez exemple sur elle, priez pour elle car m\u00eame si vous ne le voyez pas, son combat est intense et elle ne cessera de se battre. Rejoignez-la dans son combat qui est aussi le v\u00f4tre.<\/p>\n<p>Mes enfants, priez priez priez pour l\u2019ouverture de ma maison. R\u00e9v\u00e9lez au monde mes dires et la sagesse de ces \u00e9crits. Comprenez-les, ou alors plus grande la difficult\u00e9 pour l\u2019exprimer sera.<\/p>\n<p>Mes enfants, je reste en ce jour dans la joie car je sais que l\u2019espoir en cette mission n\u2019est pas perdu et cela gr\u00e2ce \u00e0 votre foi. Renforcez-la, ne laissez pas l\u2019obscurit\u00e9 \u00e9teindre cette lumi\u00e8re de vie.<\/p>\n<p>Je suis Marie M\u00e8re des hommes, pour la paix dans le monde et l\u2019amour des hommes.<\/p>\n<p>(<i>Durant le message, Marie est entour\u00e9e de Padre Pio, Jeanne d\u2019Arc, St Antoine, St Benoit, avec une grande croix derri\u00e8re eux et une colombe qui brille dans le ciel.<\/i>)<\/p>\n<p>&nbsp;<\/p>\n<p>&nbsp;<\/p>\n<p>&nbsp;<\/p>\n<p>&nbsp;<\/p>\n","protected":false},"excerpt":{"rendered":"<p>&nbsp; Le 14 juillet 2024 \u00c0 Ardouane, apr\u00e8s le chapelet\u00a0 Mes enfants, Quelle joie en ce jour de vous voir honorer cette date. Quelle joie de vous voir dans l\u2019amour dans lequel je m\u2019efforce de vous bercer. Quelle d\u00e9licate attention vous me donnez en cette date si pure et pr\u00e9cieuse par son symbole. Mes enfants, [&hellip;]<\/p>\n","protected":false},"author":2,"featured_media":0,"comment_status":"closed","ping_status":"closed","sticky":false,"template":"","format":"standard","meta":{"footnotes":""},"categories":[2,17,19,1238],"tags":[99,563,640,668,1583],"class_list":["post-24574","post","type-post","status-publish","format-standard","hentry","category-actualites","category-maison-de-marie-dardouane","category-messages","category-messages-video","tag-ardouane","tag-la-maison-de-marie","tag-marie-mere-des-hommes","tag-message","tag-paul-emanuel"],"_links":{"self":[{"href":"https:\/\/www.associationdemarie.org\/blog\/wp-json\/wp\/v2\/posts\/24574","targetHints":{"allow":["GET"]}}],"collection":[{"href":"https:\/\/www.associationdemarie.org\/blog\/wp-json\/wp\/v2\/posts"}],"about":[{"href":"https:\/\/www.associationdemarie.org\/blog\/wp-json\/wp\/v2\/types\/post"}],"author":[{"embeddable":true,"href":"https:\/\/www.associationdemarie.org\/blog\/wp-json\/wp\/v2\/users\/2"}],"replies":[{"embeddable":true,"href":"https:\/\/www.associationdemarie.org\/blog\/wp-json\/wp\/v2\/comments?post=24574"}],"version-history":[{"count":1,"href":"https:\/\/www.associationdemarie.org\/blog\/wp-json\/wp\/v2\/posts\/24574\/revisions"}],"predecessor-version":[{"id":24575,"href":"https:\/\/www.associationdemarie.org\/blog\/wp-json\/wp\/v2\/posts\/24574\/revisions\/24575"}],"wp:attachment":[{"href":"https:\/\/www.associationdemarie.org\/blog\/wp-json\/wp\/v2\/media?parent=24574"}],"wp:term":[{"taxonomy":"category","embeddable":true,"href":"https:\/\/www.associationdemarie.org\/blog\/wp-json\/wp\/v2\/categories?post=24574"},{"taxonomy":"post_tag","embeddable":true,"href":"https:\/\/www.associationdemarie.org\/blog\/wp-json\/wp\/v2\/tags?post=24574"}],"curies":[{"name":"wp","href":"https:\/\/api.w.org\/{rel}","templated":true}]}}