{"id":24570,"date":"2024-08-06T01:13:27","date_gmt":"2024-08-06T00:13:27","guid":{"rendered":"http:\/\/www.associationdemarie.org\/blog\/?p=24570"},"modified":"2024-07-23T07:15:33","modified_gmt":"2024-07-23T06:15:33","slug":"fete-de-la-transfiguration-du-seigneur-13","status":"publish","type":"post","link":"https:\/\/www.associationdemarie.org\/blog\/fete-de-la-transfiguration-du-seigneur-13\/","title":{"rendered":"F\u00eate de la Transfiguration du Seigneur"},"content":{"rendered":"<p><img loading=\"lazy\" decoding=\"async\" class=\"aligncenter size-full wp-image-24571\" src=\"https:\/\/www.associationdemarie.org\/blog\/wp-content\/uploads\/2024\/07\/6-08.jpeg\" alt=\"\" width=\"396\" height=\"397\" srcset=\"https:\/\/www.associationdemarie.org\/blog\/wp-content\/uploads\/2024\/07\/6-08.jpeg 396w, https:\/\/www.associationdemarie.org\/blog\/wp-content\/uploads\/2024\/07\/6-08-150x150.jpeg 150w, https:\/\/www.associationdemarie.org\/blog\/wp-content\/uploads\/2024\/07\/6-08-300x300.jpeg 300w\" sizes=\"auto, (max-width: 396px) 100vw, 396px\" \/><\/p>\n<p>J\u00e9sus voulait armer ses ap\u00f4tres d&rsquo;une grande force d&rsquo;\u00e2me et d&rsquo;une constance qui leur permettraient de prendre sans crainte leur propre croix, malgr\u00e9 sa rudesse. Il voulait aussi qu&rsquo;ils ne rougissent pas de son supplice, qu&rsquo;ils ne consid\u00e8rent pas comme une honte la patience avec laquelle il devait subir une Passion si cruelle, sans perdre en rien la gloire de sa puissance. J\u00e9sus \u00ab prit donc Pierre, Jacques et Jean, et il monta avec eux sur une haute montagne \u00bb, et l\u00e0 il leur a manifest\u00e9 l&rsquo;\u00e9clat de sa gloire. M\u00eame s&rsquo;ils avaient compris que la majest\u00e9 divine \u00e9tait en lui, ils ignoraient encore la puissance d\u00e9tenue par ce corps qui voilait la divinit\u00e9&#8230;<\/p>\n<p>Le Seigneur d\u00e9couvre donc sa gloire en pr\u00e9sence des t\u00e9moins qu&rsquo;il avait choisis, et sur son corps, semblable \u00e0 tous les autres corps, il r\u00e9pand une telle splendeur \u00ab que son visage parut brillant comme le soleil et ses v\u00eatements blancs comme la neige. \u00bb Sans doute cette transfiguration avait surtout pour but d&rsquo;enlever du c\u0153ur de ses disciples le scandale de la croix, de ne pas bouleverser leur foi par l&rsquo;humilit\u00e9 de sa Passion volontaire&#8230;, mais cette r\u00e9v\u00e9lation fondait aussi dans son Eglise l&rsquo;esp\u00e9rance qui devait la soutenir. Tous les membres de l&rsquo;Eglise, son Corps, comprendraient ainsi quelle transformation devrait s&rsquo;op\u00e9rer en eux un jour, puisqu&rsquo;il est promis aux membres de participer \u00e0 l&rsquo;honneur qui a resplendi dans la T\u00eate. Le Seigneur lui-m\u00eame avait dit en parlant de la majest\u00e9 de son av\u00e8nement : \u00ab Alors les justes brilleront comme le soleil dans le Royaume de leur P\u00e8re \u00bb (Mt 13,43). Et l&rsquo;ap\u00f4tre Paul affirme de son c\u00f4t\u00e9 : \u00ab J&rsquo;estime que les souffrances du temps pr\u00e9sent ne sont pas \u00e0 comparer \u00e0 la gloire qui doit se r\u00e9v\u00e9ler en nous \u00bb (Rm 8,18)&#8230; Il \u00e9crit aussi : \u00ab Car vous \u00eates morts avec le Christ, et votre vie reste cach\u00e9e avec lui en Dieu. Lorsque le Christ para\u00eetra, lui qui est votre vie vous serez manifest\u00e9s vous aussi, avec lui, dans la gloire \u00bb (Col 3,3-4).<\/p>\n<h3 class=\"GospelCommentaryAuthor-name commentary-author font-2\">Saint L\u00e9on le Grand (?-v. 461)<\/h3>\n<p>&nbsp;<\/p>\n<p>&nbsp;<\/p>\n<p>&nbsp;<\/p>\n","protected":false},"excerpt":{"rendered":"<p>J\u00e9sus voulait armer ses ap\u00f4tres d&rsquo;une grande force d&rsquo;\u00e2me et d&rsquo;une constance qui leur permettraient de prendre sans crainte leur propre croix, malgr\u00e9 sa rudesse. Il voulait aussi qu&rsquo;ils ne rougissent pas de son supplice, qu&rsquo;ils ne consid\u00e8rent pas comme une honte la patience avec laquelle il devait subir une Passion si cruelle, sans perdre [&hellip;]<\/p>\n","protected":false},"author":2,"featured_media":0,"comment_status":"closed","ping_status":"closed","sticky":false,"template":"","format":"standard","meta":{"footnotes":""},"categories":[3],"tags":[1053,1149],"class_list":["post-24570","post","type-post","status-publish","format-standard","hentry","category-liturgique","tag-st-leon-le-grand","tag-transfiguration"],"_links":{"self":[{"href":"https:\/\/www.associationdemarie.org\/blog\/wp-json\/wp\/v2\/posts\/24570","targetHints":{"allow":["GET"]}}],"collection":[{"href":"https:\/\/www.associationdemarie.org\/blog\/wp-json\/wp\/v2\/posts"}],"about":[{"href":"https:\/\/www.associationdemarie.org\/blog\/wp-json\/wp\/v2\/types\/post"}],"author":[{"embeddable":true,"href":"https:\/\/www.associationdemarie.org\/blog\/wp-json\/wp\/v2\/users\/2"}],"replies":[{"embeddable":true,"href":"https:\/\/www.associationdemarie.org\/blog\/wp-json\/wp\/v2\/comments?post=24570"}],"version-history":[{"count":1,"href":"https:\/\/www.associationdemarie.org\/blog\/wp-json\/wp\/v2\/posts\/24570\/revisions"}],"predecessor-version":[{"id":24572,"href":"https:\/\/www.associationdemarie.org\/blog\/wp-json\/wp\/v2\/posts\/24570\/revisions\/24572"}],"wp:attachment":[{"href":"https:\/\/www.associationdemarie.org\/blog\/wp-json\/wp\/v2\/media?parent=24570"}],"wp:term":[{"taxonomy":"category","embeddable":true,"href":"https:\/\/www.associationdemarie.org\/blog\/wp-json\/wp\/v2\/categories?post=24570"},{"taxonomy":"post_tag","embeddable":true,"href":"https:\/\/www.associationdemarie.org\/blog\/wp-json\/wp\/v2\/tags?post=24570"}],"curies":[{"name":"wp","href":"https:\/\/api.w.org\/{rel}","templated":true}]}}