{"id":24563,"date":"2024-08-04T01:44:55","date_gmt":"2024-08-04T00:44:55","guid":{"rendered":"http:\/\/www.associationdemarie.org\/blog\/?p=24563"},"modified":"2024-07-21T07:49:12","modified_gmt":"2024-07-21T06:49:12","slug":"moi-je-suis-le-pain-de-la-vie-5","status":"publish","type":"post","link":"https:\/\/www.associationdemarie.org\/blog\/moi-je-suis-le-pain-de-la-vie-5\/","title":{"rendered":"\u00ab Moi, je suis le pain de la vie. \u00bb"},"content":{"rendered":"<p><img loading=\"lazy\" decoding=\"async\" class=\"aligncenter wp-image-24564\" src=\"https:\/\/www.associationdemarie.org\/blog\/wp-content\/uploads\/2024\/07\/4-08-communion-pain-sans-levain-avec-le-calice-de-vin-88711246.jpg\" alt=\"\" width=\"436\" height=\"392\" srcset=\"https:\/\/www.associationdemarie.org\/blog\/wp-content\/uploads\/2024\/07\/4-08-communion-pain-sans-levain-avec-le-calice-de-vin-88711246.jpg 800w, https:\/\/www.associationdemarie.org\/blog\/wp-content\/uploads\/2024\/07\/4-08-communion-pain-sans-levain-avec-le-calice-de-vin-88711246-300x270.jpg 300w, https:\/\/www.associationdemarie.org\/blog\/wp-content\/uploads\/2024\/07\/4-08-communion-pain-sans-levain-avec-le-calice-de-vin-88711246-768x690.jpg 768w\" sizes=\"auto, (max-width: 436px) 100vw, 436px\" \/><\/p>\n<p>L&rsquo;\u00c9glise vit de l&rsquo;eucharistie. Cette v\u00e9rit\u00e9 n&rsquo;exprime pas seulement une exp\u00e9rience quotidienne de foi, mais elle comporte en synth\u00e8se le c\u0153ur du myst\u00e8re de l&rsquo;\u00c9glise. Dans la joie, elle fait l&rsquo;exp\u00e9rience, sous de multiples formes, de la r\u00e9alisation continuelle de la promesse : \u00ab Et moi, je suis avec vous tous les jours jusqu&rsquo;\u00e0 la fin du monde \u00bb (Mt 28,20). Mais, dans l&rsquo;eucharistie, par la transformation du pain et du vin en corps et sang du Seigneur, elle jouit de cette pr\u00e9sence avec une intensit\u00e9 unique. Depuis que, \u00e0 la Pentec\u00f4te, l&rsquo;\u00c9glise, peuple de la Nouvelle Alliance, a commenc\u00e9 son p\u00e8lerinage vers la patrie c\u00e9leste, ce sacrement divin a continu\u00e9 \u00e0 marquer ses journ\u00e9es, les remplissant d&rsquo;esp\u00e9rance confiante.<\/p>\n<p>\u00c0 juste titre, le Concile Vatican II a proclam\u00e9 que le sacrifice eucharistique est \u00ab source et sommet de toute la vie chr\u00e9tienne \u00bb (LG 11). \u00ab La tr\u00e8s sainte eucharistie contient en effet l&rsquo;ensemble des biens spirituels de l&rsquo;\u00c9glise, \u00e0 savoir le Christ lui-m\u00eame, notre P\u00e2que, le pain vivant (1Co 5,7; Jn 6,51), qui par sa chair, vivifi\u00e9e par l&rsquo;Esprit Saint et vivifiante, procure la vie aux hommes \u00bb (Vatican II PO 5). C&rsquo;est pourquoi l&rsquo;\u00c9glise a le regard constamment fix\u00e9 sur son Seigneur, pr\u00e9sent dans le sacrement de l&rsquo;autel, dans lequel elle d\u00e9couvre la pleine manifestation de son immense amour.<\/p>\n<h3 class=\"GospelCommentaryAuthor-name commentary-author font-2\">Saint Jean-Paul II (1920-2005)<\/h3>\n<p>&nbsp;<\/p>\n<p>&nbsp;<\/p>\n<p>&nbsp;<\/p>\n","protected":false},"excerpt":{"rendered":"<p>L&rsquo;\u00c9glise vit de l&rsquo;eucharistie. Cette v\u00e9rit\u00e9 n&rsquo;exprime pas seulement une exp\u00e9rience quotidienne de foi, mais elle comporte en synth\u00e8se le c\u0153ur du myst\u00e8re de l&rsquo;\u00c9glise. Dans la joie, elle fait l&rsquo;exp\u00e9rience, sous de multiples formes, de la r\u00e9alisation continuelle de la promesse : \u00ab Et moi, je suis avec vous tous les jours jusqu&rsquo;\u00e0 la [&hellip;]<\/p>\n","protected":false},"author":2,"featured_media":0,"comment_status":"closed","ping_status":"closed","sticky":false,"template":"","format":"standard","meta":{"footnotes":""},"categories":[13,1261],"tags":[336,385,538,1253,1174],"class_list":["post-24563","post","type-post","status-publish","format-standard","hentry","category-ecritures","category-enseignement-2","tag-eglise","tag-eucharistie","tag-jesus-pain-de-vie","tag-st-jean-paul-2","tag-vatican-2"],"_links":{"self":[{"href":"https:\/\/www.associationdemarie.org\/blog\/wp-json\/wp\/v2\/posts\/24563","targetHints":{"allow":["GET"]}}],"collection":[{"href":"https:\/\/www.associationdemarie.org\/blog\/wp-json\/wp\/v2\/posts"}],"about":[{"href":"https:\/\/www.associationdemarie.org\/blog\/wp-json\/wp\/v2\/types\/post"}],"author":[{"embeddable":true,"href":"https:\/\/www.associationdemarie.org\/blog\/wp-json\/wp\/v2\/users\/2"}],"replies":[{"embeddable":true,"href":"https:\/\/www.associationdemarie.org\/blog\/wp-json\/wp\/v2\/comments?post=24563"}],"version-history":[{"count":1,"href":"https:\/\/www.associationdemarie.org\/blog\/wp-json\/wp\/v2\/posts\/24563\/revisions"}],"predecessor-version":[{"id":24565,"href":"https:\/\/www.associationdemarie.org\/blog\/wp-json\/wp\/v2\/posts\/24563\/revisions\/24565"}],"wp:attachment":[{"href":"https:\/\/www.associationdemarie.org\/blog\/wp-json\/wp\/v2\/media?parent=24563"}],"wp:term":[{"taxonomy":"category","embeddable":true,"href":"https:\/\/www.associationdemarie.org\/blog\/wp-json\/wp\/v2\/categories?post=24563"},{"taxonomy":"post_tag","embeddable":true,"href":"https:\/\/www.associationdemarie.org\/blog\/wp-json\/wp\/v2\/tags?post=24563"}],"curies":[{"name":"wp","href":"https:\/\/api.w.org\/{rel}","templated":true}]}}