{"id":24532,"date":"2024-07-27T01:24:40","date_gmt":"2024-07-27T00:24:40","guid":{"rendered":"http:\/\/www.associationdemarie.org\/blog\/?p=24532"},"modified":"2024-07-13T07:26:24","modified_gmt":"2024-07-13T06:26:24","slug":"contre-le-zele-intempestif","status":"publish","type":"post","link":"https:\/\/www.associationdemarie.org\/blog\/contre-le-zele-intempestif\/","title":{"rendered":"Contre le z\u00e8le intempestif"},"content":{"rendered":"<p><img loading=\"lazy\" decoding=\"async\" class=\"aligncenter  wp-image-24533\" src=\"https:\/\/www.associationdemarie.org\/blog\/wp-content\/uploads\/2024\/07\/27-07-Romains-12.11.jpeg\" alt=\"\" width=\"464\" height=\"389\" srcset=\"https:\/\/www.associationdemarie.org\/blog\/wp-content\/uploads\/2024\/07\/27-07-Romains-12.11.jpeg 940w, https:\/\/www.associationdemarie.org\/blog\/wp-content\/uploads\/2024\/07\/27-07-Romains-12.11-300x251.jpeg 300w, https:\/\/www.associationdemarie.org\/blog\/wp-content\/uploads\/2024\/07\/27-07-Romains-12.11-768x644.jpeg 768w\" sizes=\"auto, (max-width: 464px) 100vw, 464px\" \/><\/p>\n<p>Il y a un z\u00e8le excessif, toujours tendu, toujours inquiet, tourment\u00e9, agit\u00e9 ; rien n\u2019est jamais assez parfait pour les \u00e2mes poss\u00e9d\u00e9es de cette ardeur. (\u2026) [S. Beno\u00eet] pr\u00e9munit l\u2019Abb\u00e9 avec soin contre ce z\u00e8le intempestif. \u00ab Qu\u2019il ne soit ni brouillon, ni inquiet, ni impatient, ni opini\u00e2tre, ni jaloux, ni trop soup\u00e7onneux, car autrement il n\u2019aura jamais de repos \u00bb. \u00ab Dans les corrections m\u00eame, qu\u2019il agisse avec prudence et ne commette aucun exc\u00e8s ; de crainte qu\u2019en voulant trop \u00f4ter la rouille du vase et rendre celui-ci trop net, il ne le brise\u2026 \u00bb (R\u00e8gle, ch. 69). Pourquoi ce z\u00e8le est-il \u00ab amer \u00bb ? Parce qu\u2019il est impatient, indiscret, et qu\u2019il manque d\u2019onction.<\/p>\n<p>C\u2019est de ce z\u00e8le que parle Notre-Seigneur dans la parabole du semeur, quand les serviteurs demandent au ma\u00eetre du champ d\u2019aller enlever l\u2019ivraie sem\u00e9e par l\u2019ennemi, ne songeant pas qu\u2019ils risquent d\u2019arracher aussi le bon grain. \u00ab Ne voulez-vous pas que nous y allions \u00bb ? (Mt 13,28) C\u2019est ce z\u00e8le qui transportait les disciples d\u2019indignation et leur faisait appeler le feu du ciel sur la ville de Samarie pour la punir de n\u2019avoir pas re\u00e7u leur divin Ma\u00eetre. \u00ab Seigneur, voulez-vous ? Il suffira d\u2019une parole \u00bb : \u00ab Seigneur, voulez-vous que nous commandions que le feu descende du ciel ? \u00bb (Lc 9,54) Mais que r\u00e9pond le Christ J\u00e9sus \u00e0 cette ardeur emport\u00e9e ? \u00ab Vous ne savez de quel esprit vous \u00eates \u00bb. \u00ab Le Fils de l\u2019homme n\u2019est pas venu sur terre pour perdre mais pour sauver les \u00e2mes \u00bb (Lc 9,55-56, Add.).<\/p>\n<h3 class=\"GospelCommentaryAuthor-name commentary-author font-2\">Bienheureux Columba Marmion (1858-1923)<\/h3>\n<p>&nbsp;<\/p>\n<p>&nbsp;<\/p>\n<p>&nbsp;<\/p>\n<p>&nbsp;<\/p>\n","protected":false},"excerpt":{"rendered":"<p>Il y a un z\u00e8le excessif, toujours tendu, toujours inquiet, tourment\u00e9, agit\u00e9 ; rien n\u2019est jamais assez parfait pour les \u00e2mes poss\u00e9d\u00e9es de cette ardeur. (\u2026) [S. Beno\u00eet] pr\u00e9munit l\u2019Abb\u00e9 avec soin contre ce z\u00e8le intempestif. \u00ab Qu\u2019il ne soit ni brouillon, ni inquiet, ni impatient, ni opini\u00e2tre, ni jaloux, ni trop soup\u00e7onneux, car autrement [&hellip;]<\/p>\n","protected":false},"author":2,"featured_media":0,"comment_status":"closed","ping_status":"closed","sticky":false,"template":"","format":"standard","meta":{"footnotes":""},"categories":[13,1261],"tags":[1464,1676],"class_list":["post-24532","post","type-post","status-publish","format-standard","hentry","category-ecritures","category-enseignement-2","tag-bienheureux-columba-marmion","tag-zele"],"_links":{"self":[{"href":"https:\/\/www.associationdemarie.org\/blog\/wp-json\/wp\/v2\/posts\/24532","targetHints":{"allow":["GET"]}}],"collection":[{"href":"https:\/\/www.associationdemarie.org\/blog\/wp-json\/wp\/v2\/posts"}],"about":[{"href":"https:\/\/www.associationdemarie.org\/blog\/wp-json\/wp\/v2\/types\/post"}],"author":[{"embeddable":true,"href":"https:\/\/www.associationdemarie.org\/blog\/wp-json\/wp\/v2\/users\/2"}],"replies":[{"embeddable":true,"href":"https:\/\/www.associationdemarie.org\/blog\/wp-json\/wp\/v2\/comments?post=24532"}],"version-history":[{"count":2,"href":"https:\/\/www.associationdemarie.org\/blog\/wp-json\/wp\/v2\/posts\/24532\/revisions"}],"predecessor-version":[{"id":24535,"href":"https:\/\/www.associationdemarie.org\/blog\/wp-json\/wp\/v2\/posts\/24532\/revisions\/24535"}],"wp:attachment":[{"href":"https:\/\/www.associationdemarie.org\/blog\/wp-json\/wp\/v2\/media?parent=24532"}],"wp:term":[{"taxonomy":"category","embeddable":true,"href":"https:\/\/www.associationdemarie.org\/blog\/wp-json\/wp\/v2\/categories?post=24532"},{"taxonomy":"post_tag","embeddable":true,"href":"https:\/\/www.associationdemarie.org\/blog\/wp-json\/wp\/v2\/tags?post=24532"}],"curies":[{"name":"wp","href":"https:\/\/api.w.org\/{rel}","templated":true}]}}