{"id":24525,"date":"2024-07-25T01:47:28","date_gmt":"2024-07-25T00:47:28","guid":{"rendered":"http:\/\/www.associationdemarie.org\/blog\/?p=24525"},"modified":"2024-07-11T06:49:36","modified_gmt":"2024-07-11T05:49:36","slug":"fete-de-saint-jacques-le-majeur-apotre-6","status":"publish","type":"post","link":"https:\/\/www.associationdemarie.org\/blog\/fete-de-saint-jacques-le-majeur-apotre-6\/","title":{"rendered":"F\u00eate de saint Jacques (le majeur), ap\u00f4tre"},"content":{"rendered":"<p><img loading=\"lazy\" decoding=\"async\" class=\"aligncenter  wp-image-24526\" src=\"https:\/\/www.associationdemarie.org\/blog\/wp-content\/uploads\/2024\/07\/25-07-1024x512.jpg\" alt=\"\" width=\"482\" height=\"241\" srcset=\"https:\/\/www.associationdemarie.org\/blog\/wp-content\/uploads\/2024\/07\/25-07.jpg 1024w, https:\/\/www.associationdemarie.org\/blog\/wp-content\/uploads\/2024\/07\/25-07-300x150.jpg 300w, https:\/\/www.associationdemarie.org\/blog\/wp-content\/uploads\/2024\/07\/25-07-768x384.jpg 768w\" sizes=\"auto, (max-width: 482px) 100vw, 482px\" \/><\/p>\n<p>Puisque nous c\u00e9l\u00e9brons aujourd&rsquo;hui la f\u00eate d&rsquo;un martyr, mes fr\u00e8res, nous devons nous sentir concern\u00e9s par la forme de patience qu&rsquo;il a pratiqu\u00e9e. Car si nous nous effor\u00e7ons avec l&rsquo;aide du Seigneur de garder cette vertu, nous ne manquerons pas d&rsquo;obtenir la palme du martyre, bien que nous vivions dans la paix de l&rsquo;\u00c9glise. C&rsquo;est qu&rsquo;il y a deux sortes de martyres : l&rsquo;un consistant en une disposition de l&rsquo;esprit, l&rsquo;autre joignant \u00e0 cette disposition de l&rsquo;esprit les actes ext\u00e9rieurs. C&rsquo;est pourquoi nous pouvons \u00eatre martyrs m\u00eame si nous ne mourons pas ex\u00e9cut\u00e9s par le glaive du bourreau. Mourir de la main des pers\u00e9cuteurs, c&rsquo;est le martyre en acte, dans sa forme visible ; supporter les injures en aimant celui qui nous hait, c&rsquo;est le martyre en esprit, dans sa forme cach\u00e9e.<\/p>\n<p>Qu&rsquo;il y ait deux sortes de martyres, l&rsquo;un cach\u00e9, l&rsquo;autre public, la V\u00e9rit\u00e9 l&rsquo;atteste en demandant aux fils de Z\u00e9b\u00e9d\u00e9e : \u00ab Pouvez-vous boire le calice que je vais boire ? \u00bb Ceux-ci ayant r\u00e9pliqu\u00e9 : \u00ab Nous le pouvons \u00bb, le Seigneur r\u00e9pond aussit\u00f4t : \u00ab Mon calice, vous le boirez en effet \u00bb. Que devons-nous comprendre par ce calice, sinon les souffrances de la Passion, dont il dit ailleurs : \u00ab Mon P\u00e8re, s&rsquo;il est possible, que ce calice passe loin de moi \u00bb ? (Mt 26,39) Les fils de Z\u00e9b\u00e9d\u00e9e, \u00e0 savoir Jacques et Jean, ne sont pas morts pas tous les deux martyrs, et pourtant il leur a \u00e9t\u00e9 dit \u00e0 tous deux qu&rsquo;ils boiraient le calice. En effet, bien que Jean ne soit pas mort martyr, il l&rsquo;a \u00e9t\u00e9 cependant, puisque les souffrances qu&rsquo;il n&rsquo;avait pas subies dans son corps, il les a \u00e9prouv\u00e9es dans son esprit. Il faut donc conclure de cet exemple que nous pouvons nous aussi \u00eatre martyrs sans passer par le glaive, si nous conservons la patience dans notre \u00e2me.<\/p>\n<h3 class=\"GospelCommentaryAuthor-name commentary-author font-2\">Saint Gr\u00e9goire le Grand (v. 540-604)<\/h3>\n<p>&nbsp;<\/p>\n<p>&nbsp;<\/p>\n<p>&nbsp;<\/p>\n","protected":false},"excerpt":{"rendered":"<p>Puisque nous c\u00e9l\u00e9brons aujourd&rsquo;hui la f\u00eate d&rsquo;un martyr, mes fr\u00e8res, nous devons nous sentir concern\u00e9s par la forme de patience qu&rsquo;il a pratiqu\u00e9e. Car si nous nous effor\u00e7ons avec l&rsquo;aide du Seigneur de garder cette vertu, nous ne manquerons pas d&rsquo;obtenir la palme du martyre, bien que nous vivions dans la paix de l&rsquo;\u00c9glise. C&rsquo;est [&hellip;]<\/p>\n","protected":false},"author":2,"featured_media":0,"comment_status":"closed","ping_status":"closed","sticky":false,"template":"","format":"standard","meta":{"footnotes":""},"categories":[28],"tags":[647,1488,1040],"class_list":["post-24525","post","type-post","status-publish","format-standard","hentry","category-saints-et-saintes","tag-martyr","tag-st-gregoire-le-grand","tag-st-jacques"],"_links":{"self":[{"href":"https:\/\/www.associationdemarie.org\/blog\/wp-json\/wp\/v2\/posts\/24525","targetHints":{"allow":["GET"]}}],"collection":[{"href":"https:\/\/www.associationdemarie.org\/blog\/wp-json\/wp\/v2\/posts"}],"about":[{"href":"https:\/\/www.associationdemarie.org\/blog\/wp-json\/wp\/v2\/types\/post"}],"author":[{"embeddable":true,"href":"https:\/\/www.associationdemarie.org\/blog\/wp-json\/wp\/v2\/users\/2"}],"replies":[{"embeddable":true,"href":"https:\/\/www.associationdemarie.org\/blog\/wp-json\/wp\/v2\/comments?post=24525"}],"version-history":[{"count":1,"href":"https:\/\/www.associationdemarie.org\/blog\/wp-json\/wp\/v2\/posts\/24525\/revisions"}],"predecessor-version":[{"id":24527,"href":"https:\/\/www.associationdemarie.org\/blog\/wp-json\/wp\/v2\/posts\/24525\/revisions\/24527"}],"wp:attachment":[{"href":"https:\/\/www.associationdemarie.org\/blog\/wp-json\/wp\/v2\/media?parent=24525"}],"wp:term":[{"taxonomy":"category","embeddable":true,"href":"https:\/\/www.associationdemarie.org\/blog\/wp-json\/wp\/v2\/categories?post=24525"},{"taxonomy":"post_tag","embeddable":true,"href":"https:\/\/www.associationdemarie.org\/blog\/wp-json\/wp\/v2\/tags?post=24525"}],"curies":[{"name":"wp","href":"https:\/\/api.w.org\/{rel}","templated":true}]}}