{"id":24519,"date":"2024-07-23T01:16:41","date_gmt":"2024-07-23T00:16:41","guid":{"rendered":"http:\/\/www.associationdemarie.org\/blog\/?p=24519"},"modified":"2024-07-09T07:19:02","modified_gmt":"2024-07-09T06:19:02","slug":"vous-participez-a-la-substance-de-la-vigne","status":"publish","type":"post","link":"https:\/\/www.associationdemarie.org\/blog\/vous-participez-a-la-substance-de-la-vigne\/","title":{"rendered":"Vous participez \u00e0 la substance de la Vigne !"},"content":{"rendered":"<p><img loading=\"lazy\" decoding=\"async\" class=\"aligncenter size-full wp-image-24520\" src=\"https:\/\/www.associationdemarie.org\/blog\/wp-content\/uploads\/2024\/07\/23-07.jpeg\" alt=\"\" width=\"209\" height=\"241\" \/><\/p>\n<p>[Sainte Catherine a entendu Dieu lui dire :] \u00ab C&rsquo;est moi qui suis la Vigne, mon P\u00e8re est le vigneron, et vous \u00eates les rameaux \u00bb (cf. Jn 15,1. 5). Telle est la v\u00e9rit\u00e9. C&rsquo;est bien moi qui suis le vigneron, puisque toute chose qui a l&rsquo;\u00eatre, est venue et vient de Moi. Ma puissance est incompr\u00e9hensible et par ma puissance et ma vertu je gouverne tout l&rsquo;univers, si bien que rien n&rsquo;est fait ni ordonn\u00e9 en dehors de moi.<\/p>\n<p>Oui je suis le vigneron ; c&rsquo;est moi qui ai plant\u00e9 la vraie vigne de mon Fils unique dans la terre de votre humanit\u00e9, pour que vous les rameaux, unis \u00e0 cette vigne, vous portiez des fruits. Qui ne produira pas le fruit des \u0153uvres bonnes et saintes sera retranch\u00e9 de la Vigne et se dess\u00e9chera ; car, s\u00e9par\u00e9 du cep, il perd la vie de la gr\u00e2ce et est jet\u00e9 au feu \u00e9ternel, comme la branche qui ne porte pas de fruit est taill\u00e9e et mise au feu parce qu&rsquo;elle n&rsquo;est plus bonne \u00e0 autre chose. Ainsi en va-t-il pour ceux-l\u00e0. Coup\u00e9s de la Vigne par leur propre faute, s&rsquo;ils demeurent dans le p\u00e9ch\u00e9 mortel, la divine Justice ne peut rien que les jeter au feu qui br\u00fble \u00e9ternellement. (\u2026)<\/p>\n<p>Ce n&rsquo;est pas ainsi que font mes serviteurs, et c&rsquo;est comme eux que vous devez faire, en demeurant unis \u00e0 cette vigne et greff\u00e9s sur elle. D\u00e8s lors vous produirez des fruits abondants, parce que vous participerez \u00e0 la s\u00e8ve du cep. En demeurant dans le Verbe mon Fils, vous demeurez en moi, parce que je suis une m\u00eame chose avec lui, et lui avec moi. En demeurant en lui, vous suivrez ses enseignements ; en suivant ses enseignements vous participerez de la substance de ce Verbe, c&rsquo;est \u00e0-dire que vous participerez de ma Divinit\u00e9 \u00e9ternelle, unie \u00e0 l&rsquo;humanit\u00e9, et puiserez en elle un amour divin o\u00f9 l&rsquo;\u00e2me s&rsquo;enivre. Voil\u00e0 pourquoi je t&rsquo;ai dit que vous participez \u00e0 la substance de la Vigne.<\/p>\n<h3 class=\"GospelCommentaryAuthor-name commentary-author font-2\">Sainte Catherine de Sienne (1347-1380)<\/h3>\n<p>&nbsp;<\/p>\n<p>&nbsp;<\/p>\n<p>&nbsp;<\/p>\n","protected":false},"excerpt":{"rendered":"<p>[Sainte Catherine a entendu Dieu lui dire :] \u00ab C&rsquo;est moi qui suis la Vigne, mon P\u00e8re est le vigneron, et vous \u00eates les rameaux \u00bb (cf. Jn 15,1. 5). Telle est la v\u00e9rit\u00e9. C&rsquo;est bien moi qui suis le vigneron, puisque toute chose qui a l&rsquo;\u00eatre, est venue et vient de Moi. Ma puissance [&hellip;]<\/p>\n","protected":false},"author":2,"featured_media":0,"comment_status":"closed","ping_status":"closed","sticky":false,"template":"","format":"standard","meta":{"footnotes":""},"categories":[1261,16],"tags":[1415,1089,1190],"class_list":["post-24519","post","type-post","status-publish","format-standard","hentry","category-enseignement-2","category-jardins-de-la-bible","tag-sarments","tag-ste-catherine-de-sienne","tag-vigne"],"_links":{"self":[{"href":"https:\/\/www.associationdemarie.org\/blog\/wp-json\/wp\/v2\/posts\/24519","targetHints":{"allow":["GET"]}}],"collection":[{"href":"https:\/\/www.associationdemarie.org\/blog\/wp-json\/wp\/v2\/posts"}],"about":[{"href":"https:\/\/www.associationdemarie.org\/blog\/wp-json\/wp\/v2\/types\/post"}],"author":[{"embeddable":true,"href":"https:\/\/www.associationdemarie.org\/blog\/wp-json\/wp\/v2\/users\/2"}],"replies":[{"embeddable":true,"href":"https:\/\/www.associationdemarie.org\/blog\/wp-json\/wp\/v2\/comments?post=24519"}],"version-history":[{"count":1,"href":"https:\/\/www.associationdemarie.org\/blog\/wp-json\/wp\/v2\/posts\/24519\/revisions"}],"predecessor-version":[{"id":24521,"href":"https:\/\/www.associationdemarie.org\/blog\/wp-json\/wp\/v2\/posts\/24519\/revisions\/24521"}],"wp:attachment":[{"href":"https:\/\/www.associationdemarie.org\/blog\/wp-json\/wp\/v2\/media?parent=24519"}],"wp:term":[{"taxonomy":"category","embeddable":true,"href":"https:\/\/www.associationdemarie.org\/blog\/wp-json\/wp\/v2\/categories?post=24519"},{"taxonomy":"post_tag","embeddable":true,"href":"https:\/\/www.associationdemarie.org\/blog\/wp-json\/wp\/v2\/tags?post=24519"}],"curies":[{"name":"wp","href":"https:\/\/api.w.org\/{rel}","templated":true}]}}