{"id":24516,"date":"2024-07-22T01:14:56","date_gmt":"2024-07-22T00:14:56","guid":{"rendered":"http:\/\/www.associationdemarie.org\/blog\/?p=24516"},"modified":"2024-07-08T07:16:42","modified_gmt":"2024-07-08T06:16:42","slug":"fete-de-sainte-marie-madeleine-disciple-du-seigneur-5","status":"publish","type":"post","link":"https:\/\/www.associationdemarie.org\/blog\/fete-de-sainte-marie-madeleine-disciple-du-seigneur-5\/","title":{"rendered":"F\u00eate de sainte Marie-Madeleine, disciple du Seigneur"},"content":{"rendered":"<p><img loading=\"lazy\" decoding=\"async\" class=\"aligncenter  wp-image-24517\" src=\"https:\/\/www.associationdemarie.org\/blog\/wp-content\/uploads\/2024\/07\/22-07.png\" alt=\"\" width=\"478\" height=\"269\" srcset=\"https:\/\/www.associationdemarie.org\/blog\/wp-content\/uploads\/2024\/07\/22-07.png 750w, https:\/\/www.associationdemarie.org\/blog\/wp-content\/uploads\/2024\/07\/22-07-300x169.png 300w\" sizes=\"auto, (max-width: 478px) 100vw, 478px\" \/><\/p>\n<p>Le retour de l\u2019\u00e2me, c\u2019est \u00ab sa conversion au \u00bb Verbe, pour qu\u2019il la reforme et la rende conforme \u00e0 lui-m\u00eame. En quoi ? En l\u2019amour (\u2026).<\/p>\n<p>Une telle conformit\u00e9 marie l\u2019\u00e2me au Verbe. D\u00e9j\u00e0 semblable \u00e0 lui par nature, elle se rend aussi semblable \u00e0 lui par volont\u00e9 en l\u2019aimant comme il l\u2019aime. Si elle aime parfaitement, son mariage est consomm\u00e9. Quoi de plus joyeux que cette conformit\u00e9 ? Quoi de plus d\u00e9sirable que cet amour ? (\u2026)<\/p>\n<p>L\u2019amour de l\u2019\u00c9poux, ou mieux l\u2019\u00c9poux qui est amour, ne demande qu\u2019amour r\u00e9ciproque et fid\u00e9lit\u00e9. Qu\u2019il soit donc permis \u00e0 la bien-aim\u00e9e d\u2019aimer en retour. Comment n\u2019aimerait-elle pas, elle qui est l\u2019\u00e9pouse, et l\u2019\u00e9pouse de l\u2019Amour ? Comment l\u2019Amour ne serait-il pas aim\u00e9 ?<\/p>\n<h3 class=\"GospelCommentaryAuthor-name commentary-author font-2\">Saint Bernard (1091-1153)<\/h3>\n<p>&nbsp;<\/p>\n<p>&nbsp;<\/p>\n<p>&nbsp;<\/p>\n","protected":false},"excerpt":{"rendered":"<p>Le retour de l\u2019\u00e2me, c\u2019est \u00ab sa conversion au \u00bb Verbe, pour qu\u2019il la reforme et la rende conforme \u00e0 lui-m\u00eame. En quoi ? En l\u2019amour (\u2026). Une telle conformit\u00e9 marie l\u2019\u00e2me au Verbe. D\u00e9j\u00e0 semblable \u00e0 lui par nature, elle se rend aussi semblable \u00e0 lui par volont\u00e9 en l\u2019aimant comme il l\u2019aime. Si [&hellip;]<\/p>\n","protected":false},"author":2,"featured_media":0,"comment_status":"closed","ping_status":"closed","sticky":false,"template":"","format":"standard","meta":{"footnotes":""},"categories":[28],"tags":[57,62,369,1017,1101],"class_list":["post-24516","post","type-post","status-publish","format-standard","hentry","category-saints-et-saintes","tag-ame","tag-amour","tag-epoux","tag-st-bernard","tag-ste-marie-madeleine"],"_links":{"self":[{"href":"https:\/\/www.associationdemarie.org\/blog\/wp-json\/wp\/v2\/posts\/24516","targetHints":{"allow":["GET"]}}],"collection":[{"href":"https:\/\/www.associationdemarie.org\/blog\/wp-json\/wp\/v2\/posts"}],"about":[{"href":"https:\/\/www.associationdemarie.org\/blog\/wp-json\/wp\/v2\/types\/post"}],"author":[{"embeddable":true,"href":"https:\/\/www.associationdemarie.org\/blog\/wp-json\/wp\/v2\/users\/2"}],"replies":[{"embeddable":true,"href":"https:\/\/www.associationdemarie.org\/blog\/wp-json\/wp\/v2\/comments?post=24516"}],"version-history":[{"count":1,"href":"https:\/\/www.associationdemarie.org\/blog\/wp-json\/wp\/v2\/posts\/24516\/revisions"}],"predecessor-version":[{"id":24518,"href":"https:\/\/www.associationdemarie.org\/blog\/wp-json\/wp\/v2\/posts\/24516\/revisions\/24518"}],"wp:attachment":[{"href":"https:\/\/www.associationdemarie.org\/blog\/wp-json\/wp\/v2\/media?parent=24516"}],"wp:term":[{"taxonomy":"category","embeddable":true,"href":"https:\/\/www.associationdemarie.org\/blog\/wp-json\/wp\/v2\/categories?post=24516"},{"taxonomy":"post_tag","embeddable":true,"href":"https:\/\/www.associationdemarie.org\/blog\/wp-json\/wp\/v2\/tags?post=24516"}],"curies":[{"name":"wp","href":"https:\/\/api.w.org\/{rel}","templated":true}]}}