{"id":24493,"date":"2024-07-14T01:22:14","date_gmt":"2024-07-14T00:22:14","guid":{"rendered":"http:\/\/www.associationdemarie.org\/blog\/?p=24493"},"modified":"2024-06-30T07:24:39","modified_gmt":"2024-06-30T06:24:39","slug":"la-mission-de-lamour","status":"publish","type":"post","link":"https:\/\/www.associationdemarie.org\/blog\/la-mission-de-lamour\/","title":{"rendered":"La mission de l\u2019Amour"},"content":{"rendered":"<p><img loading=\"lazy\" decoding=\"async\" class=\"aligncenter wp-image-24494\" src=\"https:\/\/www.associationdemarie.org\/blog\/wp-content\/uploads\/2024\/06\/The-painting-of-St.-Therese-of-Avila-in-the-church-Chiesa-di-San-Franceso-d-Assisi-by-A.-Nicolas-1931-shutterstock_2149728827.jpg\" alt=\"\" width=\"464\" height=\"260\" srcset=\"https:\/\/www.associationdemarie.org\/blog\/wp-content\/uploads\/2024\/06\/The-painting-of-St.-Therese-of-Avila-in-the-church-Chiesa-di-San-Franceso-d-Assisi-by-A.-Nicolas-1931-shutterstock_2149728827.jpg 620w, https:\/\/www.associationdemarie.org\/blog\/wp-content\/uploads\/2024\/06\/The-painting-of-St.-Therese-of-Avila-in-the-church-Chiesa-di-San-Franceso-d-Assisi-by-A.-Nicolas-1931-shutterstock_2149728827-300x168.jpg 300w\" sizes=\"auto, (max-width: 464px) 100vw, 464px\" \/><\/p>\n<p>Malgr\u00e9 ma petitesse je sens le besoin, le d\u00e9sir d\u2019accomplir pour toi, J\u00e9sus, toutes les \u0153uvres les plus h\u00e9ro\u00efques. Je voudrais parcourir la terre, pr\u00eacher ton nom et planter sur le sol infid\u00e8le ta Croix glorieuse, mais \u00f4 mon Bien-Aim\u00e9, une seule mission ne me suffirait pas, je voudrais en m\u00eame temps annoncer l\u2019\u00c9vangile dans les cinq parties du monde et jusque dans les \u00eeles les plus recul\u00e9es. Je voudrais \u00eatre missionnaire non seulement pendant quelques ann\u00e9es, mais je voudrais l\u2019avoir \u00e9t\u00e9 depuis la cr\u00e9ation du monde et l\u2019\u00eatre jusqu\u2019\u00e0 la consommation des si\u00e8cles. \u00d4 mon J\u00e9sus ! \u00e0 toutes mes folies que vas-tu r\u00e9pondre ? Y a-t-il une \u00e2me plus petite, plus impuissante que la mienne ! Cependant \u00e0 cause m\u00eame de ma faiblesse, tu t\u2019es plu, Seigneur, \u00e0 combler mes petits d\u00e9sirs enfantins, et tu veux aujourd\u2019hui, combler d\u2019autres d\u00e9sirs plus grands que l\u2019univers. (\u2026)<\/p>\n<p>La charit\u00e9 me donna la clef de ma vocation. Je compris que si l\u2019\u00c9glise avait un corps, compos\u00e9 de diff\u00e9rents membres, le plus n\u00e9cessaire, le plus noble de tous ne lui manquait pas, je compris que l\u2019\u00c9glise avait un c\u0153ur, et que ce c\u0153ur \u00e9tait br\u00fblant d\u2019amour. Je compris que l\u2019amour seul faisait agir les membres de l\u2019\u00c9glise, que si l\u2019amour venait \u00e0 s\u2019\u00e9teindre, les ap\u00f4tres n\u2019annonceraient plus l\u2019\u00c9vangile, les martyrs refuseraient de verser leur sang. Je compris que l\u2019amour renfermait toutes les vocations, que l\u2019amour \u00e9tait tout, qu\u2019il embrassait tous les temps et tous les lieux ; en un mot, qu\u2019il \u00e9tait \u00e9ternel. Alors, dans l\u2019exc\u00e8s de ma joie d\u00e9lirante, je me suis \u00e9cri\u00e9e : \u201c\u00d4 J\u00e9sus, mon amour ; ma vocation, enfin je l\u2019ai trouv\u00e9e, ma vocation, c\u2019est l\u2019amour. Oui, j\u2019ai trouv\u00e9 ma place dans l\u2019\u00c9glise et cette place, \u00f4 mon Dieu, c\u2019est vous qui me l\u2019avez donn\u00e9e. Dans le c\u0153ur de l\u2019\u00c9glise, ma M\u00e8re, je serai l\u2019amour ; ainsi je serai tout, ainsi mon r\u00eave sera r\u00e9alis\u00e9\u201d.<\/p>\n<h3 class=\"GospelCommentaryAuthor-name commentary-author font-2\">Sainte Th\u00e9r\u00e8se de l&rsquo;Enfant J\u00e9sus (1873-1897)<\/h3>\n<p>&nbsp;<\/p>\n<p>&nbsp;<\/p>\n<p>&nbsp;<\/p>\n","protected":false},"excerpt":{"rendered":"<p>Malgr\u00e9 ma petitesse je sens le besoin, le d\u00e9sir d\u2019accomplir pour toi, J\u00e9sus, toutes les \u0153uvres les plus h\u00e9ro\u00efques. Je voudrais parcourir la terre, pr\u00eacher ton nom et planter sur le sol infid\u00e8le ta Croix glorieuse, mais \u00f4 mon Bien-Aim\u00e9, une seule mission ne me suffirait pas, je voudrais en m\u00eame temps annoncer l\u2019\u00c9vangile dans [&hellip;]<\/p>\n","protected":false},"author":2,"featured_media":0,"comment_status":"closed","ping_status":"closed","sticky":false,"template":"","format":"standard","meta":{"footnotes":""},"categories":[28],"tags":[62,203,336,1107],"class_list":["post-24493","post","type-post","status-publish","format-standard","hentry","category-saints-et-saintes","tag-amour","tag-charite","tag-eglise","tag-ste-therese"],"_links":{"self":[{"href":"https:\/\/www.associationdemarie.org\/blog\/wp-json\/wp\/v2\/posts\/24493","targetHints":{"allow":["GET"]}}],"collection":[{"href":"https:\/\/www.associationdemarie.org\/blog\/wp-json\/wp\/v2\/posts"}],"about":[{"href":"https:\/\/www.associationdemarie.org\/blog\/wp-json\/wp\/v2\/types\/post"}],"author":[{"embeddable":true,"href":"https:\/\/www.associationdemarie.org\/blog\/wp-json\/wp\/v2\/users\/2"}],"replies":[{"embeddable":true,"href":"https:\/\/www.associationdemarie.org\/blog\/wp-json\/wp\/v2\/comments?post=24493"}],"version-history":[{"count":2,"href":"https:\/\/www.associationdemarie.org\/blog\/wp-json\/wp\/v2\/posts\/24493\/revisions"}],"predecessor-version":[{"id":24496,"href":"https:\/\/www.associationdemarie.org\/blog\/wp-json\/wp\/v2\/posts\/24493\/revisions\/24496"}],"wp:attachment":[{"href":"https:\/\/www.associationdemarie.org\/blog\/wp-json\/wp\/v2\/media?parent=24493"}],"wp:term":[{"taxonomy":"category","embeddable":true,"href":"https:\/\/www.associationdemarie.org\/blog\/wp-json\/wp\/v2\/categories?post=24493"},{"taxonomy":"post_tag","embeddable":true,"href":"https:\/\/www.associationdemarie.org\/blog\/wp-json\/wp\/v2\/tags?post=24493"}],"curies":[{"name":"wp","href":"https:\/\/api.w.org\/{rel}","templated":true}]}}