{"id":24490,"date":"2024-07-13T01:39:49","date_gmt":"2024-07-13T00:39:49","guid":{"rendered":"http:\/\/www.associationdemarie.org\/blog\/?p=24490"},"modified":"2024-06-29T06:44:54","modified_gmt":"2024-06-29T05:44:54","slug":"ne-craignez-pas-2","status":"publish","type":"post","link":"https:\/\/www.associationdemarie.org\/blog\/ne-craignez-pas-2\/","title":{"rendered":"\u00ab Ne craignez pas ! \u00bb"},"content":{"rendered":"<p><img loading=\"lazy\" decoding=\"async\" class=\"aligncenter size-full wp-image-24491\" src=\"https:\/\/www.associationdemarie.org\/blog\/wp-content\/uploads\/2024\/06\/13-07.jpeg\" alt=\"\" width=\"192\" height=\"263\" \/><\/p>\n<p>Les houles sont nombreuses et la temp\u00eate gronde. N&rsquo;importe ! Je ne crains pas de naufrage, car une pierre solide est mon appui. Que la mer se d\u00e9cha\u00eene, elle ne brisera pas ce roc ; que les flots se soul\u00e8vent, ils ne peuvent engloutir la barque de J\u00e9sus. Je vous le demande, mes bien-aim\u00e9s, qu&rsquo;est-ce que je peux craindre, de quoi m&rsquo;effrayer ? La mort ? \u00ab Ma vie, c&rsquo;est le Christ, et mourir est un avantage \u00bb (Ph 1,21). L&rsquo;exil ? \u00ab La terre est au Seigneur et tout ce qui la remplit \u00bb (Ps 23,1). La confiscation des biens ? \u00ab De m\u00eame que nous n&rsquo;avons rien apport\u00e9 dans le monde, nous ne pourrons rien emporter \u00bb (1Tm 6,7)\u2026 Si vous trouvez difficile de croire ces paroles, croyez les faits. Combien de tyrans ont essay\u00e9 d&rsquo;an\u00e9antir l&rsquo;\u00c9glise ?\u2026 Mais tout cela n&rsquo;a rien gagn\u00e9 contre elle. Ces hommes, pers\u00e9cuteurs acharn\u00e9s, o\u00f9 sont-ils ? Tomb\u00e9s en oubli. Et l&rsquo;\u00c9glise, o\u00f9 est-elle ? La voil\u00e0, avec son \u00e9clat \u00e9blouissant comme le soleil\u2026<\/p>\n<p>\u00ab L\u00e0 o\u00f9 deux ou trois sont r\u00e9unis en mon nom, je suis l\u00e0 au milieu d&rsquo;eux \u00bb (Mt 18,20)\u2026 J&rsquo;ai la parole du Christ, son \u00e9criture dans mes mains ; je ne m&rsquo;appuie pas sur des forces humaines. Sa parole est mon arme, ma d\u00e9fense, mon refuge. Si l&rsquo;univers entier se met \u00e0 trembler, j&rsquo;ai sa parole, j&rsquo;ai son \u00e9crit : voil\u00e0 ma forteresse et mon rempart. En voici les termes : \u00ab Je suis avec vous tous les jours jusqu&rsquo;\u00e0 la fin du monde \u00bb (Mt 28,20). Le Christ est avec moi, qu&rsquo;est-ce que je peux craindre ? Les flots d\u00e9cha\u00een\u00e9s, la furie de la mer, la col\u00e8re des princes : tout cela ne p\u00e8se pas plus qu&rsquo;une toile d&rsquo;araign\u00e9e.<\/p>\n<h3 class=\"GospelCommentaryAuthor-name commentary-author font-2\">Saint Jean Chrysostome (v. 345-407)<\/h3>\n<p>&nbsp;<\/p>\n<p>&nbsp;<\/p>\n<p>&nbsp;<\/p>\n","protected":false},"excerpt":{"rendered":"<p>Les houles sont nombreuses et la temp\u00eate gronde. N&rsquo;importe ! Je ne crains pas de naufrage, car une pierre solide est mon appui. Que la mer se d\u00e9cha\u00eene, elle ne brisera pas ce roc ; que les flots se soul\u00e8vent, ils ne peuvent engloutir la barque de J\u00e9sus. Je vous le demande, mes bien-aim\u00e9s, qu&rsquo;est-ce [&hellip;]<\/p>\n","protected":false},"author":2,"featured_media":0,"comment_status":"closed","ping_status":"closed","sticky":false,"template":"","format":"standard","meta":{"footnotes":""},"categories":[13,1261],"tags":[1043,1129],"class_list":["post-24490","post","type-post","status-publish","format-standard","hentry","category-ecritures","category-enseignement-2","tag-st-jean-chrysostome","tag-tempete"],"_links":{"self":[{"href":"https:\/\/www.associationdemarie.org\/blog\/wp-json\/wp\/v2\/posts\/24490","targetHints":{"allow":["GET"]}}],"collection":[{"href":"https:\/\/www.associationdemarie.org\/blog\/wp-json\/wp\/v2\/posts"}],"about":[{"href":"https:\/\/www.associationdemarie.org\/blog\/wp-json\/wp\/v2\/types\/post"}],"author":[{"embeddable":true,"href":"https:\/\/www.associationdemarie.org\/blog\/wp-json\/wp\/v2\/users\/2"}],"replies":[{"embeddable":true,"href":"https:\/\/www.associationdemarie.org\/blog\/wp-json\/wp\/v2\/comments?post=24490"}],"version-history":[{"count":1,"href":"https:\/\/www.associationdemarie.org\/blog\/wp-json\/wp\/v2\/posts\/24490\/revisions"}],"predecessor-version":[{"id":24492,"href":"https:\/\/www.associationdemarie.org\/blog\/wp-json\/wp\/v2\/posts\/24490\/revisions\/24492"}],"wp:attachment":[{"href":"https:\/\/www.associationdemarie.org\/blog\/wp-json\/wp\/v2\/media?parent=24490"}],"wp:term":[{"taxonomy":"category","embeddable":true,"href":"https:\/\/www.associationdemarie.org\/blog\/wp-json\/wp\/v2\/categories?post=24490"},{"taxonomy":"post_tag","embeddable":true,"href":"https:\/\/www.associationdemarie.org\/blog\/wp-json\/wp\/v2\/tags?post=24490"}],"curies":[{"name":"wp","href":"https:\/\/api.w.org\/{rel}","templated":true}]}}