{"id":24443,"date":"2024-06-30T01:39:13","date_gmt":"2024-06-30T00:39:13","guid":{"rendered":"http:\/\/www.associationdemarie.org\/blog\/?p=24443"},"modified":"2024-06-16T07:41:16","modified_gmt":"2024-06-16T06:41:16","slug":"aussitot-la-jeune-fille-se-leva-2","status":"publish","type":"post","link":"https:\/\/www.associationdemarie.org\/blog\/aussitot-la-jeune-fille-se-leva-2\/","title":{"rendered":"\u00ab Aussit\u00f4t la jeune fille se leva. \u00bb"},"content":{"rendered":"<p><img loading=\"lazy\" decoding=\"async\" class=\"aligncenter  wp-image-24444\" src=\"https:\/\/www.associationdemarie.org\/blog\/wp-content\/uploads\/2024\/06\/30-06-jairus-daughter.jpg\" alt=\"\" width=\"441\" height=\"352\" srcset=\"https:\/\/www.associationdemarie.org\/blog\/wp-content\/uploads\/2024\/06\/30-06-jairus-daughter.jpg 800w, https:\/\/www.associationdemarie.org\/blog\/wp-content\/uploads\/2024\/06\/30-06-jairus-daughter-300x239.jpg 300w, https:\/\/www.associationdemarie.org\/blog\/wp-content\/uploads\/2024\/06\/30-06-jairus-daughter-768x612.jpg 768w\" sizes=\"auto, (max-width: 441px) 100vw, 441px\" \/><\/p>\n<p>Le Christ entre dans la maison o\u00f9 se trouve la jeune fille, la prend par la main et lui dit : \u00ab Petite fille, je te le dis, l\u00e8ve-toi ! \u00bb&#8230; Chers jeunes, le monde a besoin de votre r\u00e9ponse personnelle aux paroles de vie du Ma\u00eetre : \u00ab Je te le dis, l\u00e8ve-toi ! \u00bb Nous voyons comment J\u00e9sus vient \u00e0 la rencontre de l&rsquo;humanit\u00e9 dans les situations les plus difficiles et les plus p\u00e9nibles. Le miracle accompli dans la maison de Ja\u00efre nous montre son pouvoir sur le mal. Il est le Seigneur de la vie, le vainqueur de la mort&#8230;<\/p>\n<p>Mais nous ne pouvons pas oublier que, selon ce que nous enseigne la foi, la cause premi\u00e8re du mal, de la maladie, de la mort m\u00eame, c&rsquo;est le p\u00e9ch\u00e9 en ses diff\u00e9rentes formes. Dans le c\u0153ur de chacun et de chacune de nous se cache cette maladie qui nous touche tous : le p\u00e9ch\u00e9 personnel, qui s&rsquo;enracine de plus en plus dans les consciences \u00e0 mesure que se perd le sens de Dieu. Oui, chers jeunes, veillez \u00e0 ne pas laisser s&rsquo;affaiblir en vous le sens de Dieu. On ne peut pas vaincre le mal par le bien si l&rsquo;on n&rsquo;a pas ce sens de Dieu, de son action, de sa pr\u00e9sence, qui nous invite \u00e0 parier toujours sur la gr\u00e2ce, sur la vie, contre le p\u00e9ch\u00e9, contre la mort. Le sort de l&rsquo;humanit\u00e9 est en jeu&#8230;<\/p>\n<p>Il s&rsquo;ensuit que nous devons voir les implications sociales du p\u00e9ch\u00e9 pour construire un monde digne de l&rsquo;homme. Il y a des maux sociaux qui cr\u00e9ent une v\u00e9ritable \u00ab communion du p\u00e9ch\u00e9 \u00bb parce que, en m\u00eame temps que l&rsquo;\u00e2me, ils abaissent l&rsquo;\u00c9glise et d&rsquo;une certaine mani\u00e8re le monde entier&#8230; Chers jeunes, combattez le bon combat de la foi (1Tm 6,12) pour la dignit\u00e9 de l&rsquo;homme, pour la dignit\u00e9 de l&rsquo;amour, pour une vie noble, une vie d&rsquo;enfants de Dieu. Vaincre le p\u00e9ch\u00e9 \u00e0 l&rsquo;aide du pardon de Dieu est une gu\u00e9rison, c&rsquo;est une r\u00e9surrection. N&rsquo;ayez pas peur des exigences de l&rsquo;amour du Christ. Craignez, au contraire, la pusillanimit\u00e9, la l\u00e9g\u00e8ret\u00e9, la recherche de vos int\u00e9r\u00eats propres, l&rsquo;\u00e9go\u00efsme, tout ce qui veut faire taire la voix du Christ qui, s&rsquo;adressant \u00e0 chacun de nous, r\u00e9p\u00e8te : \u00ab Je te le dis, l\u00e8ve-toi \u00bb.<\/p>\n<h3 class=\"GospelCommentaryAuthor-name commentary-author font-2\">Saint Jean-Paul II (1920-2005)<\/h3>\n<p>&nbsp;<\/p>\n<p>&nbsp;<\/p>\n<p>&nbsp;<\/p>\n","protected":false},"excerpt":{"rendered":"<p>Le Christ entre dans la maison o\u00f9 se trouve la jeune fille, la prend par la main et lui dit : \u00ab Petite fille, je te le dis, l\u00e8ve-toi ! \u00bb&#8230; Chers jeunes, le monde a besoin de votre r\u00e9ponse personnelle aux paroles de vie du Ma\u00eetre : \u00ab Je te le dis, l\u00e8ve-toi ! [&hellip;]<\/p>\n","protected":false},"author":2,"featured_media":0,"comment_status":"closed","ping_status":"closed","sticky":false,"template":"","format":"standard","meta":{"footnotes":""},"categories":[13,1261],"tags":[465,676,1253],"class_list":["post-24443","post","type-post","status-publish","format-standard","hentry","category-ecritures","category-enseignement-2","tag-guerison","tag-miracle","tag-st-jean-paul-2"],"_links":{"self":[{"href":"https:\/\/www.associationdemarie.org\/blog\/wp-json\/wp\/v2\/posts\/24443","targetHints":{"allow":["GET"]}}],"collection":[{"href":"https:\/\/www.associationdemarie.org\/blog\/wp-json\/wp\/v2\/posts"}],"about":[{"href":"https:\/\/www.associationdemarie.org\/blog\/wp-json\/wp\/v2\/types\/post"}],"author":[{"embeddable":true,"href":"https:\/\/www.associationdemarie.org\/blog\/wp-json\/wp\/v2\/users\/2"}],"replies":[{"embeddable":true,"href":"https:\/\/www.associationdemarie.org\/blog\/wp-json\/wp\/v2\/comments?post=24443"}],"version-history":[{"count":2,"href":"https:\/\/www.associationdemarie.org\/blog\/wp-json\/wp\/v2\/posts\/24443\/revisions"}],"predecessor-version":[{"id":24446,"href":"https:\/\/www.associationdemarie.org\/blog\/wp-json\/wp\/v2\/posts\/24443\/revisions\/24446"}],"wp:attachment":[{"href":"https:\/\/www.associationdemarie.org\/blog\/wp-json\/wp\/v2\/media?parent=24443"}],"wp:term":[{"taxonomy":"category","embeddable":true,"href":"https:\/\/www.associationdemarie.org\/blog\/wp-json\/wp\/v2\/categories?post=24443"},{"taxonomy":"post_tag","embeddable":true,"href":"https:\/\/www.associationdemarie.org\/blog\/wp-json\/wp\/v2\/tags?post=24443"}],"curies":[{"name":"wp","href":"https:\/\/api.w.org\/{rel}","templated":true}]}}