{"id":24422,"date":"2024-06-24T01:08:43","date_gmt":"2024-06-24T00:08:43","guid":{"rendered":"http:\/\/www.associationdemarie.org\/blog\/?p=24422"},"modified":"2024-06-10T07:10:42","modified_gmt":"2024-06-10T06:10:42","slug":"nativite-de-saint-jean-baptiste-solennite-10","status":"publish","type":"post","link":"https:\/\/www.associationdemarie.org\/blog\/nativite-de-saint-jean-baptiste-solennite-10\/","title":{"rendered":"Nativit\u00e9 de saint Jean Baptiste, solennit\u00e9"},"content":{"rendered":"<p><img loading=\"lazy\" decoding=\"async\" class=\"aligncenter  wp-image-24423\" src=\"https:\/\/www.associationdemarie.org\/blog\/wp-content\/uploads\/2024\/06\/24-06_st-jean-le-baptiste-1024x708.jpg\" alt=\"\" width=\"451\" height=\"312\" srcset=\"https:\/\/www.associationdemarie.org\/blog\/wp-content\/uploads\/2024\/06\/24-06_st-jean-le-baptiste-1024x708.jpg 1024w, https:\/\/www.associationdemarie.org\/blog\/wp-content\/uploads\/2024\/06\/24-06_st-jean-le-baptiste-300x208.jpg 300w, https:\/\/www.associationdemarie.org\/blog\/wp-content\/uploads\/2024\/06\/24-06_st-jean-le-baptiste-768x531.jpg 768w, https:\/\/www.associationdemarie.org\/blog\/wp-content\/uploads\/2024\/06\/24-06_st-jean-le-baptiste.jpg 1200w\" sizes=\"auto, (max-width: 451px) 100vw, 451px\" \/><\/p>\n<p>Zacharie se tait et perd la parole jusqu&rsquo;\u00e0 la naissance de Jean, pr\u00e9curseur du Seigneur, qui lui rend la parole. Que signifie le silence de Zacharie sinon que la proph\u00e9tie a disparu, et qu&rsquo;avant l&rsquo;annonce du Christ, elle est comme cach\u00e9e et close ? Elle s&rsquo;ouvre \u00e0 son av\u00e8nement, elle devient claire pour l&rsquo;arriv\u00e9e de celui qui \u00e9tait proph\u00e9tis\u00e9. La parole rendue \u00e0 Zacharie \u00e0 la naissance de Jean correspond au voile d\u00e9chir\u00e9 \u00e0 la mort de J\u00e9sus sur la croix (Mt 27,51). Si Jean s&rsquo;\u00e9tait annonc\u00e9 lui-m\u00eame, la bouche de Zacharie ne se serait pas rouverte.<\/p>\n<p>La parole lui est rendue \u00e0 cause de la naissance de celui qui est la voix ; car on demandait \u00e0 Jean, qui annon\u00e7ait d\u00e9j\u00e0 le Seigneur : \u00ab Toi, qui es-tu ? \u00bb Et il a r\u00e9pondu : \u00ab Je suis la voix qui crie dans le d\u00e9sert \u00bb. La voix, c&rsquo;est Jean, tandis que le Seigneur est la Parole : \u00ab Au commencement \u00e9tait le Verbe \u00bb. Jean, c&rsquo;est la voix pour un temps ; le Christ, c&rsquo;est le Verbe au commencement, c&rsquo;est le Verbe \u00e9ternel.<\/p>\n<h3 class=\"GospelCommentaryAuthor-name commentary-author font-2\">Saint Augustin (354-430)<\/h3>\n<p>&nbsp;<\/p>\n<p>&nbsp;<\/p>\n<p>&nbsp;<\/p>\n","protected":false},"excerpt":{"rendered":"<p>Zacharie se tait et perd la parole jusqu&rsquo;\u00e0 la naissance de Jean, pr\u00e9curseur du Seigneur, qui lui rend la parole. Que signifie le silence de Zacharie sinon que la proph\u00e9tie a disparu, et qu&rsquo;avant l&rsquo;annonce du Christ, elle est comme cach\u00e9e et close ? Elle s&rsquo;ouvre \u00e0 son av\u00e8nement, elle devient claire pour l&rsquo;arriv\u00e9e de [&hellip;]<\/p>\n","protected":false},"author":2,"featured_media":0,"comment_status":"closed","ping_status":"closed","sticky":false,"template":"","format":"standard","meta":{"footnotes":""},"categories":[3,28],"tags":[1012,1042,1209],"class_list":["post-24422","post","type-post","status-publish","format-standard","hentry","category-liturgique","category-saints-et-saintes","tag-st-augustin","tag-st-jean-baptiste","tag-zacharie"],"_links":{"self":[{"href":"https:\/\/www.associationdemarie.org\/blog\/wp-json\/wp\/v2\/posts\/24422","targetHints":{"allow":["GET"]}}],"collection":[{"href":"https:\/\/www.associationdemarie.org\/blog\/wp-json\/wp\/v2\/posts"}],"about":[{"href":"https:\/\/www.associationdemarie.org\/blog\/wp-json\/wp\/v2\/types\/post"}],"author":[{"embeddable":true,"href":"https:\/\/www.associationdemarie.org\/blog\/wp-json\/wp\/v2\/users\/2"}],"replies":[{"embeddable":true,"href":"https:\/\/www.associationdemarie.org\/blog\/wp-json\/wp\/v2\/comments?post=24422"}],"version-history":[{"count":1,"href":"https:\/\/www.associationdemarie.org\/blog\/wp-json\/wp\/v2\/posts\/24422\/revisions"}],"predecessor-version":[{"id":24424,"href":"https:\/\/www.associationdemarie.org\/blog\/wp-json\/wp\/v2\/posts\/24422\/revisions\/24424"}],"wp:attachment":[{"href":"https:\/\/www.associationdemarie.org\/blog\/wp-json\/wp\/v2\/media?parent=24422"}],"wp:term":[{"taxonomy":"category","embeddable":true,"href":"https:\/\/www.associationdemarie.org\/blog\/wp-json\/wp\/v2\/categories?post=24422"},{"taxonomy":"post_tag","embeddable":true,"href":"https:\/\/www.associationdemarie.org\/blog\/wp-json\/wp\/v2\/tags?post=24422"}],"curies":[{"name":"wp","href":"https:\/\/api.w.org\/{rel}","templated":true}]}}