{"id":24391,"date":"2024-06-15T01:30:05","date_gmt":"2024-06-15T00:30:05","guid":{"rendered":"http:\/\/www.associationdemarie.org\/blog\/?p=24391"},"modified":"2024-06-01T06:32:06","modified_gmt":"2024-06-01T05:32:06","slug":"heureux-celui-qui-parlera-en-verite","status":"publish","type":"post","link":"https:\/\/www.associationdemarie.org\/blog\/heureux-celui-qui-parlera-en-verite\/","title":{"rendered":"Heureux celui qui parlera en v\u00e9rit\u00e9 !"},"content":{"rendered":"<p><img loading=\"lazy\" decoding=\"async\" class=\"aligncenter  wp-image-24392\" src=\"https:\/\/www.associationdemarie.org\/blog\/wp-content\/uploads\/2024\/06\/15-06.jpg\" alt=\"\" width=\"487\" height=\"342\" srcset=\"https:\/\/www.associationdemarie.org\/blog\/wp-content\/uploads\/2024\/06\/15-06.jpg 900w, https:\/\/www.associationdemarie.org\/blog\/wp-content\/uploads\/2024\/06\/15-06-300x210.jpg 300w, https:\/\/www.associationdemarie.org\/blog\/wp-content\/uploads\/2024\/06\/15-06-768x538.jpg 768w\" sizes=\"auto, (max-width: 487px) 100vw, 487px\" \/><\/p>\n<p>Gardez-vous bien, nous dit J\u00e9sus-Christ, de fr\u00e9quenter toute personne qui use de fourberie dans ses paroles et dans ses actions. En effet, mes fr\u00e8res, nous voyons que rien n\u2019est plus indigne d\u2019un chr\u00e9tien, lequel doit \u00eatre un fid\u00e8le imitateur de son Dieu qui est la droiture et la v\u00e9rit\u00e9 m\u00eame, que de penser une chose et de dire l\u2019autre. Aussi J\u00e9sus-Christ, dans l\u2019\u00c9vangile, nous recommande de ne jamais mentir : \u00ab Dites oui ou non, cela est ou cela n\u2019est pas. \u00bb (Mt 5,37) Saint Pierre nous dit que nous devons \u00eatre semblables aux petits enfants, qui sont simples et sinc\u00e8res, ennemis de tout mensonge et de toute dissimulation (cf. 1P 2,2). (\u2026)<\/p>\n<p>Consid\u00e9rons le mensonge par rapport \u00e0 notre dignit\u00e9 de chr\u00e9tiens ; nous, mes fr\u00e8res, qui, par le Bapt\u00eame, sommes devenus les temples du Saint-Esprit qui est ennemi de tout mensonge, h\u00e9las ! mes fr\u00e8res, d\u00e8s que nous avons le malheur de mentir, le Saint-Esprit s\u2019en va et nous abandonne, et le d\u00e9mon prend sa place et devient notre ma\u00eetre. Voil\u00e0, mes fr\u00e8res, les tristes effets et les ravages effroyables que le mensonge produit en celui qui est si aveugle que de le commettre. Cependant, mes fr\u00e8res, que ces p\u00e9ch\u00e9s sont communs dans le monde. (\u2026)<\/p>\n<p>Que devons-nous conclure de tout cela ? Le voici. C\u2019est de ne jamais nous accoutumer \u00e0 mentir ; car, une fois qu\u2019on en a pris l\u2019habitude, on ne peut plus s\u2019en corriger ; il faut \u00eatre sinc\u00e8re et v\u00e9ritable dans tout ce que nous disons et faisons. Si l\u2019on ne veut pas nous croire, eh bien ! qu\u2019on le laisse ! (\u2026) Mes fr\u00e8res, comment pouvons-nous employer \u00e0 mentir notre langue qui a \u00e9t\u00e9 arros\u00e9e du sang pr\u00e9cieux de J\u00e9sus-Christ, notre bouche, qui, tant de fois, a servi de tabernacle au corps adorable de J\u00e9sus-Christ ? \u00d4 mon Dieu ! si nous pensions \u00e0 tout cela, aurions-nous bien ce courage ? Heureux, mes fr\u00e8res, celui qui agira avec simplicit\u00e9 et qui parlera toujours dans la v\u00e9rit\u00e9 ! C\u2019est le bonheur que je vous souhaite.<\/p>\n<h3 class=\"GospelCommentaryAuthor-name commentary-author font-2\">Saint Jean-Marie Vianney (1786-1859)<\/h3>\n<p>&nbsp;<\/p>\n<p>&nbsp;<\/p>\n<p>&nbsp;<\/p>\n","protected":false},"excerpt":{"rendered":"<p>Gardez-vous bien, nous dit J\u00e9sus-Christ, de fr\u00e9quenter toute personne qui use de fourberie dans ses paroles et dans ses actions. En effet, mes fr\u00e8res, nous voyons que rien n\u2019est plus indigne d\u2019un chr\u00e9tien, lequel doit \u00eatre un fid\u00e8le imitateur de son Dieu qui est la droiture et la v\u00e9rit\u00e9 m\u00eame, que de penser une chose [&hellip;]<\/p>\n","protected":false},"author":2,"featured_media":0,"comment_status":"closed","ping_status":"closed","sticky":false,"template":"","format":"standard","meta":{"footnotes":""},"categories":[13,1261],"tags":[1023,1181],"class_list":["post-24391","post","type-post","status-publish","format-standard","hentry","category-ecritures","category-enseignement-2","tag-st-cure-dars","tag-verite"],"_links":{"self":[{"href":"https:\/\/www.associationdemarie.org\/blog\/wp-json\/wp\/v2\/posts\/24391","targetHints":{"allow":["GET"]}}],"collection":[{"href":"https:\/\/www.associationdemarie.org\/blog\/wp-json\/wp\/v2\/posts"}],"about":[{"href":"https:\/\/www.associationdemarie.org\/blog\/wp-json\/wp\/v2\/types\/post"}],"author":[{"embeddable":true,"href":"https:\/\/www.associationdemarie.org\/blog\/wp-json\/wp\/v2\/users\/2"}],"replies":[{"embeddable":true,"href":"https:\/\/www.associationdemarie.org\/blog\/wp-json\/wp\/v2\/comments?post=24391"}],"version-history":[{"count":2,"href":"https:\/\/www.associationdemarie.org\/blog\/wp-json\/wp\/v2\/posts\/24391\/revisions"}],"predecessor-version":[{"id":24394,"href":"https:\/\/www.associationdemarie.org\/blog\/wp-json\/wp\/v2\/posts\/24391\/revisions\/24394"}],"wp:attachment":[{"href":"https:\/\/www.associationdemarie.org\/blog\/wp-json\/wp\/v2\/media?parent=24391"}],"wp:term":[{"taxonomy":"category","embeddable":true,"href":"https:\/\/www.associationdemarie.org\/blog\/wp-json\/wp\/v2\/categories?post=24391"},{"taxonomy":"post_tag","embeddable":true,"href":"https:\/\/www.associationdemarie.org\/blog\/wp-json\/wp\/v2\/tags?post=24391"}],"curies":[{"name":"wp","href":"https:\/\/api.w.org\/{rel}","templated":true}]}}