{"id":24347,"date":"2024-06-01T01:48:14","date_gmt":"2024-06-01T00:48:14","guid":{"rendered":"http:\/\/www.associationdemarie.org\/blog\/?p=24347"},"modified":"2024-05-18T06:50:30","modified_gmt":"2024-05-18T05:50:30","slug":"jean-baptiste-est-venu-a-vous-et-vous-navez-pas-cru-a-sa-parole-mt-2132-2","status":"publish","type":"post","link":"https:\/\/www.associationdemarie.org\/blog\/jean-baptiste-est-venu-a-vous-et-vous-navez-pas-cru-a-sa-parole-mt-2132-2\/","title":{"rendered":"\u00ab Jean Baptiste est venu \u00e0 vous&#8230;, et vous n&rsquo;avez pas cru \u00e0 sa parole. \u00bb (Mt 21,32)"},"content":{"rendered":"<p><img loading=\"lazy\" decoding=\"async\" class=\"aligncenter  wp-image-24348\" src=\"https:\/\/www.associationdemarie.org\/blog\/wp-content\/uploads\/2024\/05\/1-06.jpg\" alt=\"\" width=\"445\" height=\"250\" srcset=\"https:\/\/www.associationdemarie.org\/blog\/wp-content\/uploads\/2024\/05\/1-06.jpg 982w, https:\/\/www.associationdemarie.org\/blog\/wp-content\/uploads\/2024\/05\/1-06-300x169.jpg 300w, https:\/\/www.associationdemarie.org\/blog\/wp-content\/uploads\/2024\/05\/1-06-768x432.jpg 768w\" sizes=\"auto, (max-width: 445px) 100vw, 445px\" \/><\/p>\n<p>\u00ab Jean Baptiste proclamait : \u2018Convertissez-vous, car le Royaume des cieux est tout proche\u2019 \u00bb (Mt 3,1). (&#8230;) Bienheureux Jean qui a voulu que la conversion pr\u00e9c\u00e8de le jugement, que les p\u00e9cheurs ne soient pas jug\u00e9s, mais r\u00e9compens\u00e9s, qui a voulu que les impies entrent dans le Royaume et non sous le ch\u00e2timent. (&#8230;) Quand Jean a-t-il proclam\u00e9 cette imminence du Royaume des cieux ? Le monde \u00e9tait encore en son enfance (&#8230;) ; mais pour nous qui proclamons aujourd&rsquo;hui cette imminence, le monde est extr\u00eamement vieux et fatigu\u00e9. Il a perdu ses forces ; il perd ses facult\u00e9s ; les souffrances l&rsquo;accablent (&#8230;) ; il crie sa d\u00e9faillance ; il porte tous les sympt\u00f4mes de sa fin. (&#8230;)<\/p>\n<p>Nous sommes \u00e0 la remorque d&rsquo;un monde qui s&rsquo;enfuit ; nous oublions les temps \u00e0 venir. Nous sommes avides d&rsquo;actualit\u00e9, mais nous ne tenons pas compte du jugement qui vient d\u00e9j\u00e0. Nous n&rsquo;accourons pas \u00e0 la rencontre du Seigneur qui vient. (&#8230;)<\/p>\n<p>Convertissons-nous, fr\u00e8res, convertissons-nous vite. (&#8230;) Le Seigneur, du fait qu&rsquo;il tarde, qu&rsquo;il attend encore, prouve son d\u00e9sir de nous voir revenir \u00e0 lui, son d\u00e9sir que nous ne p\u00e9rissions pas. Dans sa grande bont\u00e9 il nous adresse toujours ces paroles : \u00ab Je ne d\u00e9sire pas la mort du p\u00e9cheur, mais qu&rsquo;il se d\u00e9tourne de sa voie et qu&rsquo;il vive \u00bb (Ez 33,11). Convertissons-nous, fr\u00e8res ; n&rsquo;ayons pas peur de ce que le temps se fait court. Son temps \u00e0 lui, l&rsquo;Auteur du temps, ne peut pas \u00eatre r\u00e9tr\u00e9ci. La preuve en est ce brigand de l&rsquo;\u00c9vangile qui, sur la croix et \u00e0 l&rsquo;heure de sa mort, a escamot\u00e9 le pardon, s&rsquo;est saisi de la vie et, voleur du paradis avec effraction, a r\u00e9ussi \u00e0 p\u00e9n\u00e9trer dans le Royaume (Lc 23,43).<\/p>\n<h3 class=\"GospelCommentaryAuthor-name commentary-author font-2\">Saint Pierre Chrysologue (v. 406-450)<\/h3>\n<p>&nbsp;<\/p>\n<p>&nbsp;<\/p>\n<p>&nbsp;<\/p>\n","protected":false},"excerpt":{"rendered":"<p>\u00ab Jean Baptiste proclamait : \u2018Convertissez-vous, car le Royaume des cieux est tout proche\u2019 \u00bb (Mt 3,1). (&#8230;) Bienheureux Jean qui a voulu que la conversion pr\u00e9c\u00e8de le jugement, que les p\u00e9cheurs ne soient pas jug\u00e9s, mais r\u00e9compens\u00e9s, qui a voulu que les impies entrent dans le Royaume et non sous le ch\u00e2timent. (&#8230;) Quand [&hellip;]<\/p>\n","protected":false},"author":2,"featured_media":0,"comment_status":"closed","ping_status":"closed","sticky":false,"template":"","format":"standard","meta":{"footnotes":""},"categories":[13,1261],"tags":[1397,1042,1072],"class_list":["post-24347","post","type-post","status-publish","format-standard","hentry","category-ecritures","category-enseignement-2","tag-convertion","tag-st-jean-baptiste","tag-st-pierre-chrysologue"],"_links":{"self":[{"href":"https:\/\/www.associationdemarie.org\/blog\/wp-json\/wp\/v2\/posts\/24347","targetHints":{"allow":["GET"]}}],"collection":[{"href":"https:\/\/www.associationdemarie.org\/blog\/wp-json\/wp\/v2\/posts"}],"about":[{"href":"https:\/\/www.associationdemarie.org\/blog\/wp-json\/wp\/v2\/types\/post"}],"author":[{"embeddable":true,"href":"https:\/\/www.associationdemarie.org\/blog\/wp-json\/wp\/v2\/users\/2"}],"replies":[{"embeddable":true,"href":"https:\/\/www.associationdemarie.org\/blog\/wp-json\/wp\/v2\/comments?post=24347"}],"version-history":[{"count":1,"href":"https:\/\/www.associationdemarie.org\/blog\/wp-json\/wp\/v2\/posts\/24347\/revisions"}],"predecessor-version":[{"id":24349,"href":"https:\/\/www.associationdemarie.org\/blog\/wp-json\/wp\/v2\/posts\/24347\/revisions\/24349"}],"wp:attachment":[{"href":"https:\/\/www.associationdemarie.org\/blog\/wp-json\/wp\/v2\/media?parent=24347"}],"wp:term":[{"taxonomy":"category","embeddable":true,"href":"https:\/\/www.associationdemarie.org\/blog\/wp-json\/wp\/v2\/categories?post=24347"},{"taxonomy":"post_tag","embeddable":true,"href":"https:\/\/www.associationdemarie.org\/blog\/wp-json\/wp\/v2\/tags?post=24347"}],"curies":[{"name":"wp","href":"https:\/\/api.w.org\/{rel}","templated":true}]}}