{"id":24309,"date":"2024-05-20T01:02:57","date_gmt":"2024-05-20T00:02:57","guid":{"rendered":"http:\/\/www.associationdemarie.org\/blog\/?p=24309"},"modified":"2024-05-06T07:04:55","modified_gmt":"2024-05-06T06:04:55","slug":"bienheureuse-vierge-marie-mere-de-leglise-memoire-2","status":"publish","type":"post","link":"https:\/\/www.associationdemarie.org\/blog\/bienheureuse-vierge-marie-mere-de-leglise-memoire-2\/","title":{"rendered":"Bienheureuse Vierge Marie, M\u00e8re de l\u2019\u00c9glise, m\u00e9moire"},"content":{"rendered":"<p><img loading=\"lazy\" decoding=\"async\" class=\"aligncenter size-full wp-image-24310\" src=\"https:\/\/www.associationdemarie.org\/blog\/wp-content\/uploads\/2024\/05\/20-05.jpeg\" alt=\"\" width=\"245\" height=\"206\" \/><\/p>\n<p>\u00d4 notre Dame, tu es la m\u00e8re de la justification et des justifi\u00e9s, de la r\u00e9conciliation et des r\u00e9concili\u00e9s, du salut et des sauv\u00e9s. Heureuse certitude et refuge assur\u00e9 ! La m\u00e8re de Dieu est notre m\u00e8re, La m\u00e8re de notre seule raison d\u2019esp\u00e9rance et de crainte est notre m\u00e8re. \u00d4 m\u00e8re b\u00e9nie et exalt\u00e9e non pour toi seule mais aussi pour nous, que vois-je nous advenir par toi ? Que c\u2019est grand et digne d\u2019amour ! Cette vue me r\u00e9jouit d\u2019une joie que je n\u2019ose exprimer.<\/p>\n<p>Si toi, notre Dame, tu es sa m\u00e8re, tes autres fils ne sont-ils pas ses fr\u00e8res ? Mais quels fr\u00e8res et de qui ? Dirai-je ce qui r\u00e9jouit mon c\u0153ur, ou me tairai-je par crainte de para\u00eetre orgueilleux ? Mais ce que je crois avec ardeur, pourquoi ne pas en proclamer la louange ? Je parlerai donc, non par vanit\u00e9, mais par gratitude. Car celui qui a voulu, en naissant d\u2019une m\u00e8re, partager notre nature et, en nous rendant la vie, nous faire fils de sa m\u00e8re, celui-l\u00e0 m\u00eame nous invite \u00e0 nous reconna\u00eetre ses fr\u00e8res. Notre juge est donc notre Fr\u00e8re. Le Sauveur du monde est notre Fr\u00e8re. Pour tout dire, notre Dieu s\u2019est fait, par Marie, notre Fr\u00e8re.<\/p>\n<h3 class=\"GospelCommentaryAuthor-name commentary-author font-2\">Saint Anselme (1033-1109)<\/h3>\n<p>&nbsp;<\/p>\n<p>&nbsp;<\/p>\n<p>&nbsp;<\/p>\n","protected":false},"excerpt":{"rendered":"<p>\u00d4 notre Dame, tu es la m\u00e8re de la justification et des justifi\u00e9s, de la r\u00e9conciliation et des r\u00e9concili\u00e9s, du salut et des sauv\u00e9s. Heureuse certitude et refuge assur\u00e9 ! La m\u00e8re de Dieu est notre m\u00e8re, La m\u00e8re de notre seule raison d\u2019esp\u00e9rance et de crainte est notre m\u00e8re. \u00d4 m\u00e8re b\u00e9nie et exalt\u00e9e [&hellip;]<\/p>\n","protected":false},"author":2,"featured_media":0,"comment_status":"closed","ping_status":"closed","sticky":false,"template":"","format":"standard","meta":{"footnotes":""},"categories":[3,28],"tags":[336,1459,1189],"class_list":["post-24309","post","type-post","status-publish","format-standard","hentry","category-liturgique","category-saints-et-saintes","tag-eglise","tag-st-anselme","tag-vierge-marie"],"_links":{"self":[{"href":"https:\/\/www.associationdemarie.org\/blog\/wp-json\/wp\/v2\/posts\/24309","targetHints":{"allow":["GET"]}}],"collection":[{"href":"https:\/\/www.associationdemarie.org\/blog\/wp-json\/wp\/v2\/posts"}],"about":[{"href":"https:\/\/www.associationdemarie.org\/blog\/wp-json\/wp\/v2\/types\/post"}],"author":[{"embeddable":true,"href":"https:\/\/www.associationdemarie.org\/blog\/wp-json\/wp\/v2\/users\/2"}],"replies":[{"embeddable":true,"href":"https:\/\/www.associationdemarie.org\/blog\/wp-json\/wp\/v2\/comments?post=24309"}],"version-history":[{"count":1,"href":"https:\/\/www.associationdemarie.org\/blog\/wp-json\/wp\/v2\/posts\/24309\/revisions"}],"predecessor-version":[{"id":24311,"href":"https:\/\/www.associationdemarie.org\/blog\/wp-json\/wp\/v2\/posts\/24309\/revisions\/24311"}],"wp:attachment":[{"href":"https:\/\/www.associationdemarie.org\/blog\/wp-json\/wp\/v2\/media?parent=24309"}],"wp:term":[{"taxonomy":"category","embeddable":true,"href":"https:\/\/www.associationdemarie.org\/blog\/wp-json\/wp\/v2\/categories?post=24309"},{"taxonomy":"post_tag","embeddable":true,"href":"https:\/\/www.associationdemarie.org\/blog\/wp-json\/wp\/v2\/tags?post=24309"}],"curies":[{"name":"wp","href":"https:\/\/api.w.org\/{rel}","templated":true}]}}