{"id":24285,"date":"2024-05-13T01:11:38","date_gmt":"2024-05-13T00:11:38","guid":{"rendered":"http:\/\/www.associationdemarie.org\/blog\/?p=24285"},"modified":"2024-04-29T06:15:07","modified_gmt":"2024-04-29T05:15:07","slug":"vaincre-le-monde-par-notre-foi","status":"publish","type":"post","link":"https:\/\/www.associationdemarie.org\/blog\/vaincre-le-monde-par-notre-foi\/","title":{"rendered":"Vaincre le monde par notre foi"},"content":{"rendered":"<p><img loading=\"lazy\" decoding=\"async\" class=\"aligncenter  wp-image-24286\" src=\"https:\/\/www.associationdemarie.org\/blog\/wp-content\/uploads\/2024\/04\/13-05.png\" alt=\"\" width=\"451\" height=\"584\" srcset=\"https:\/\/www.associationdemarie.org\/blog\/wp-content\/uploads\/2024\/04\/13-05.png 500w, https:\/\/www.associationdemarie.org\/blog\/wp-content\/uploads\/2024\/04\/13-05-232x300.png 232w\" sizes=\"auto, (max-width: 451px) 100vw, 451px\" \/><\/p>\n<p>Ce qui rend notre victoire si pr\u00e9cieuse, c\u2019est qu\u2019elle est, elle-m\u00eame, un insigne don d\u2019amour que le Christ nous fait : il l\u2019a pay\u00e9 de son sang. \u00c9coutez ce que disait Notre-Seigneur \u00e0 ses disciples, \u00e0 la fin de sa vie : \u00ab Ayez confiance, j\u2019ai vaincu le monde \u00bb (cf. Jn 16,33).<\/p>\n<p>Et comment l\u2019a-t-il vaincu, ce monde ? Est-ce par de l\u2019or ? Est-ce par l\u2019\u00e9clat des actions ext\u00e9rieures ? Non, pour le monde, le Christ n\u2019\u00e9tait que \u00ab le fils d\u2019un artisan \u00bb de Nazareth (cf. Mt 13,55). Il a \u00e9t\u00e9 humble toute sa vie. Il est n\u00e9 dans une \u00e9table, il a v\u00e9cu dans un atelier ; durant ses courses apostoliques, il n\u2019avait pas toujours de g\u00eete, de place m\u00eame o\u00f9 reposer la t\u00eate. La sagesse du monde e\u00fbt hauss\u00e9 les \u00e9paules \u00e0 l\u2019id\u00e9e qu\u2019on p\u00fbt triompher d\u2019elle par la pauvret\u00e9 et le renoncement. Est-ce par le succ\u00e8s temporel, imm\u00e9diat, de ses entreprises ou encore par d\u2019autres avantages humains propres \u00e0 s\u2019imposer et \u00e0 dominer ? Non encore : il a \u00e9t\u00e9 bafou\u00e9, crucifi\u00e9. Aux yeux des \u00ab sages \u00bb d\u2019alors, sa mission \u00e9chouait lamentablement sur la croix. Ses disciples sont dispers\u00e9s, la foule hoche la t\u00eate ; les pharisiens ricanent : \u00ab Il a sauv\u00e9 les autres, et il ne peut se sauver lui-m\u00eame ; qu\u2019il descende donc de la croix, et alors, \u2012 mais alors seulement, \u2012 nous croiront en lui ! \u00bb (Mt 27,42).<\/p>\n<p>Et pourtant, l\u2019\u00e9chec n\u2019\u00e9tait qu\u2019apparent ; c\u2019est \u00e0 ce moment pr\u00e9cis que le Christ remportait en r\u00e9alit\u00e9 la victoire ; aux yeux du monde, au point de vue naturel, le Christ \u00e9tait un vaincu ; mais aux yeux de Dieu, il \u00e9tait, \u00e0 cet instant m\u00eame, vainqueur du prince des t\u00e9n\u00e8bres et vainqueur du monde : \u00ab Ayez confiance, j\u2019ai vaincu le monde \u00bb. (\u2026) J\u00e9sus donne \u00e0 ses disciples de pouvoir \u00e9galement vaincre le monde. Mais comment les fait-il participer \u00e0 sa victoire ? En leur conf\u00e9rant, par la foi qu\u2019ils ont en lui, l\u2019adoption divine qui les rend enfants de Dieu.<\/p>\n<h3 class=\"GospelCommentaryAuthor-name commentary-author font-2\">Bienheureux Columba Marmion (1858-1923)<\/h3>\n<p>&nbsp;<\/p>\n<p>&nbsp;<\/p>\n<p>&nbsp;<\/p>\n","protected":false},"excerpt":{"rendered":"<p>Ce qui rend notre victoire si pr\u00e9cieuse, c\u2019est qu\u2019elle est, elle-m\u00eame, un insigne don d\u2019amour que le Christ nous fait : il l\u2019a pay\u00e9 de son sang. \u00c9coutez ce que disait Notre-Seigneur \u00e0 ses disciples, \u00e0 la fin de sa vie : \u00ab Ayez confiance, j\u2019ai vaincu le monde \u00bb (cf. Jn 16,33). Et comment [&hellip;]<\/p>\n","protected":false},"author":2,"featured_media":0,"comment_status":"closed","ping_status":"closed","sticky":false,"template":"","format":"standard","meta":{"footnotes":""},"categories":[13,1261],"tags":[1464,425],"class_list":["post-24285","post","type-post","status-publish","format-standard","hentry","category-ecritures","category-enseignement-2","tag-bienheureux-columba-marmion","tag-foi"],"_links":{"self":[{"href":"https:\/\/www.associationdemarie.org\/blog\/wp-json\/wp\/v2\/posts\/24285","targetHints":{"allow":["GET"]}}],"collection":[{"href":"https:\/\/www.associationdemarie.org\/blog\/wp-json\/wp\/v2\/posts"}],"about":[{"href":"https:\/\/www.associationdemarie.org\/blog\/wp-json\/wp\/v2\/types\/post"}],"author":[{"embeddable":true,"href":"https:\/\/www.associationdemarie.org\/blog\/wp-json\/wp\/v2\/users\/2"}],"replies":[{"embeddable":true,"href":"https:\/\/www.associationdemarie.org\/blog\/wp-json\/wp\/v2\/comments?post=24285"}],"version-history":[{"count":2,"href":"https:\/\/www.associationdemarie.org\/blog\/wp-json\/wp\/v2\/posts\/24285\/revisions"}],"predecessor-version":[{"id":24288,"href":"https:\/\/www.associationdemarie.org\/blog\/wp-json\/wp\/v2\/posts\/24285\/revisions\/24288"}],"wp:attachment":[{"href":"https:\/\/www.associationdemarie.org\/blog\/wp-json\/wp\/v2\/media?parent=24285"}],"wp:term":[{"taxonomy":"category","embeddable":true,"href":"https:\/\/www.associationdemarie.org\/blog\/wp-json\/wp\/v2\/categories?post=24285"},{"taxonomy":"post_tag","embeddable":true,"href":"https:\/\/www.associationdemarie.org\/blog\/wp-json\/wp\/v2\/tags?post=24285"}],"curies":[{"name":"wp","href":"https:\/\/api.w.org\/{rel}","templated":true}]}}