{"id":24262,"date":"2024-05-06T01:42:53","date_gmt":"2024-05-06T00:42:53","guid":{"rendered":"http:\/\/www.associationdemarie.org\/blog\/?p=24262"},"modified":"2024-04-22T06:45:18","modified_gmt":"2024-04-22T05:45:18","slug":"leglise-en-butte-aux-persecutions","status":"publish","type":"post","link":"https:\/\/www.associationdemarie.org\/blog\/leglise-en-butte-aux-persecutions\/","title":{"rendered":"L\u2019\u00c9glise en butte aux pers\u00e9cutions"},"content":{"rendered":"<p><img loading=\"lazy\" decoding=\"async\" class=\"aligncenter  wp-image-24263\" src=\"https:\/\/www.associationdemarie.org\/blog\/wp-content\/uploads\/2024\/04\/6-05.jpg\" alt=\"\" width=\"430\" height=\"573\" srcset=\"https:\/\/www.associationdemarie.org\/blog\/wp-content\/uploads\/2024\/04\/6-05.jpg 600w, https:\/\/www.associationdemarie.org\/blog\/wp-content\/uploads\/2024\/04\/6-05-225x300.jpg 225w\" sizes=\"auto, (max-width: 430px) 100vw, 430px\" \/><\/p>\n<p>\u00ab Et voici que le menteur se l\u00e8ve en face de moi et parle contre moi. \u00bb (Jb 16,8 Vg) Aux heures m\u00eames de sa tranquillit\u00e9, la sainte \u00c9glise est en butte au mensonge, car nombreux sont en son sein les esprits qui ne sont plus fid\u00e8les \u00e0 la promesse de l\u2019\u00e9ternit\u00e9 et qui mentent pourtant en se disant fid\u00e8les. Et comme il n\u2019ont pas le courage de contredire ouvertement sa pr\u00e9dication, elle supporte le mensonge non pas face \u00e0 face, mais, en quelque sorte, derri\u00e8re son dos. Mais quand a grond\u00e9 l\u2019heure de la malignit\u00e9, celui qui maintenant calomnie dans la crainte vient contredire en face : aux paroles de la vraie foi font barrage ses clameurs sans d\u00e9tour.<\/p>\n<p>Mais, il faut le savoir, quand nous sommes ainsi en butte aux coups des hommes charnels, c\u2019est moins eux-m\u00eames qui s\u2019acharnent \u00e0 vouloir notre mort que l\u2019esprit malin, le prince de leur \u00e2me, comme le dit Paul : \u00ab Nous avons \u00e0 lutter corps \u00e0 corps non pas contre la chair et le sang, mais contre les princes et les puissances, contre les r\u00e9gisseurs de ce monde de t\u00e9n\u00e8bres. \u00bb (Ep 6,12) Voil\u00e0 pourquoi, en parlant ici encore du mensonge, Job peut passer aussit\u00f4t au portrait du prince de ce mensonge en transformant ainsi sa phrase : \u00ab Il a concentr\u00e9 sa fureur contre moi et en me mena\u00e7ant il a grinc\u00e9 des dents contre moi. Mon ennemi m\u2019a regard\u00e9 avec des yeux terribles. \u00bb (Jb 16,10 Vg) Que sont tous les injustes ? ne sont-ils pas les membres du diable ? C\u2019est donc lui qui fait par eux tout ce qu\u2019en leur c\u0153ur il leur inspire de faire.<\/p>\n<p>Or, si maintenant encore il n\u2019a que fureur contre la Sainte \u00c9glise, sa fureur est dispers\u00e9e, parce que c\u2019est dans les individus qu\u2019il suscite contre elle des tentations secr\u00e8tes. Mais le jour o\u00f9 il se d\u00e9cha\u00eenera contre elle dans une pers\u00e9cution ouverte, il concentrera contre elle sa fureur, parce que, pour l\u2019abattre, il bandera tous les efforts de sa volont\u00e9.<\/p>\n<h3 class=\"GospelCommentaryAuthor-name commentary-author font-2\">Saint Gr\u00e9goire le Grand (v. 540-604)<\/h3>\n<p>&nbsp;<\/p>\n<p>&nbsp;<\/p>\n<p>&nbsp;<\/p>\n<p>&nbsp;<\/p>\n<p>&nbsp;<\/p>\n","protected":false},"excerpt":{"rendered":"<p>\u00ab Et voici que le menteur se l\u00e8ve en face de moi et parle contre moi. \u00bb (Jb 16,8 Vg) Aux heures m\u00eames de sa tranquillit\u00e9, la sainte \u00c9glise est en butte au mensonge, car nombreux sont en son sein les esprits qui ne sont plus fid\u00e8les \u00e0 la promesse de l\u2019\u00e9ternit\u00e9 et qui mentent [&hellip;]<\/p>\n","protected":false},"author":2,"featured_media":0,"comment_status":"closed","ping_status":"closed","sticky":false,"template":"","format":"standard","meta":{"footnotes":""},"categories":[13,1261],"tags":[336,797,1488],"class_list":["post-24262","post","type-post","status-publish","format-standard","hentry","category-ecritures","category-enseignement-2","tag-eglise","tag-persecutions","tag-st-gregoire-le-grand"],"_links":{"self":[{"href":"https:\/\/www.associationdemarie.org\/blog\/wp-json\/wp\/v2\/posts\/24262","targetHints":{"allow":["GET"]}}],"collection":[{"href":"https:\/\/www.associationdemarie.org\/blog\/wp-json\/wp\/v2\/posts"}],"about":[{"href":"https:\/\/www.associationdemarie.org\/blog\/wp-json\/wp\/v2\/types\/post"}],"author":[{"embeddable":true,"href":"https:\/\/www.associationdemarie.org\/blog\/wp-json\/wp\/v2\/users\/2"}],"replies":[{"embeddable":true,"href":"https:\/\/www.associationdemarie.org\/blog\/wp-json\/wp\/v2\/comments?post=24262"}],"version-history":[{"count":1,"href":"https:\/\/www.associationdemarie.org\/blog\/wp-json\/wp\/v2\/posts\/24262\/revisions"}],"predecessor-version":[{"id":24264,"href":"https:\/\/www.associationdemarie.org\/blog\/wp-json\/wp\/v2\/posts\/24262\/revisions\/24264"}],"wp:attachment":[{"href":"https:\/\/www.associationdemarie.org\/blog\/wp-json\/wp\/v2\/media?parent=24262"}],"wp:term":[{"taxonomy":"category","embeddable":true,"href":"https:\/\/www.associationdemarie.org\/blog\/wp-json\/wp\/v2\/categories?post=24262"},{"taxonomy":"post_tag","embeddable":true,"href":"https:\/\/www.associationdemarie.org\/blog\/wp-json\/wp\/v2\/tags?post=24262"}],"curies":[{"name":"wp","href":"https:\/\/api.w.org\/{rel}","templated":true}]}}