{"id":24225,"date":"2024-04-28T01:57:33","date_gmt":"2024-04-28T00:57:33","guid":{"rendered":"http:\/\/www.associationdemarie.org\/blog\/?p=24225"},"modified":"2024-04-14T06:59:29","modified_gmt":"2024-04-14T05:59:29","slug":"je-suis-la-vigne-vous-etes-les-sarments-jn-155","status":"publish","type":"post","link":"https:\/\/www.associationdemarie.org\/blog\/je-suis-la-vigne-vous-etes-les-sarments-jn-155\/","title":{"rendered":"\u00ab Je suis la vigne, vous \u00eates les sarments. \u00bb (Jn 15,5)"},"content":{"rendered":"<p><img loading=\"lazy\" decoding=\"async\" class=\"aligncenter  wp-image-24226\" src=\"https:\/\/www.associationdemarie.org\/blog\/wp-content\/uploads\/2024\/04\/28-04-Christ_the_True_Vine_icon_Athens_16th_century.jpg\" alt=\"\" width=\"383\" height=\"520\" srcset=\"https:\/\/www.associationdemarie.org\/blog\/wp-content\/uploads\/2024\/04\/28-04-Christ_the_True_Vine_icon_Athens_16th_century.jpg 589w, https:\/\/www.associationdemarie.org\/blog\/wp-content\/uploads\/2024\/04\/28-04-Christ_the_True_Vine_icon_Athens_16th_century-221x300.jpg 221w\" sizes=\"auto, (max-width: 383px) 100vw, 383px\" \/><\/p>\n<p>J\u00e9sus lui-m\u00eame a voulu \u00e9clairer, par une comparaison, notre foi en son action sanctifiante. \u00ab Je suis la vigne, a-t-il-dit ; vous \u00eates les sarments \u00bb (Jn 15,5). Les sarments vivent, mais ne tirent pas de leur propre fond la s\u00e8ve qui les f\u00e9conde. Constamment ils empruntent leur vitalit\u00e9 \u00e0 la s\u00e8ve qui vient du tronc. \u00c9labor\u00e9e ailleurs, c\u2019est elle qui les vivifie. Ainsi en est-il pour les membres du Christ : bonnes actions, pratique des vertus, progr\u00e8s spirituels, saintet\u00e9 leur appartiennent, certes ; mais c\u2019est la s\u00e8ve de la gr\u00e2ce venant du Christ qui op\u00e8re en eux ces merveilles : \u00ab Comme le sarment ne peut porter du fruit de lui-m\u00eame, sans demeurer sur la vigne, ainsi vous, si vous ne demeurez en moi \u00bb (Jn 15,4).<\/p>\n<p>En J\u00e9sus-Christ, tout rayonne la vie : ses paroles, ses actions, ses \u00e9tats. Tous ses myst\u00e8res, ceux de l\u2019enfance comme ceux de sa mort, de sa r\u00e9surrection et de sa gloire, poss\u00e8dent une puissance toujours efficace de sanctification. En lui le pass\u00e9 n\u2019est pas aboli (cf. Rm 6,9 ; He 13,6). Sans arr\u00eat, il verse en nous la vie surnaturelle. Mais notre manque d\u2019attention ou de foi paralyse trop souvent son action dans nos \u00e2mes. Pour nous, vivre de la vie divine, c\u2019est poss\u00e9der la gr\u00e2ce sanctifiante et faire partir du Christ, par une intention de foi et d\u2019amour, nos pens\u00e9es, nos affections, toute notre activit\u00e9.<\/p>\n<h3 class=\"GospelCommentaryAuthor-name commentary-author font-2\">Bienheureux Columba Marmion (1858-1923)<\/h3>\n<p>&nbsp;<\/p>\n<p>&nbsp;<\/p>\n<p>&nbsp;<\/p>\n","protected":false},"excerpt":{"rendered":"<p>J\u00e9sus lui-m\u00eame a voulu \u00e9clairer, par une comparaison, notre foi en son action sanctifiante. \u00ab Je suis la vigne, a-t-il-dit ; vous \u00eates les sarments \u00bb (Jn 15,5). Les sarments vivent, mais ne tirent pas de leur propre fond la s\u00e8ve qui les f\u00e9conde. Constamment ils empruntent leur vitalit\u00e9 \u00e0 la s\u00e8ve qui vient du [&hellip;]<\/p>\n","protected":false},"author":2,"featured_media":0,"comment_status":"closed","ping_status":"closed","sticky":false,"template":"","format":"standard","meta":{"footnotes":""},"categories":[16],"tags":[1464,1415,1190],"class_list":["post-24225","post","type-post","status-publish","format-standard","hentry","category-jardins-de-la-bible","tag-bienheureux-columba-marmion","tag-sarments","tag-vigne"],"_links":{"self":[{"href":"https:\/\/www.associationdemarie.org\/blog\/wp-json\/wp\/v2\/posts\/24225","targetHints":{"allow":["GET"]}}],"collection":[{"href":"https:\/\/www.associationdemarie.org\/blog\/wp-json\/wp\/v2\/posts"}],"about":[{"href":"https:\/\/www.associationdemarie.org\/blog\/wp-json\/wp\/v2\/types\/post"}],"author":[{"embeddable":true,"href":"https:\/\/www.associationdemarie.org\/blog\/wp-json\/wp\/v2\/users\/2"}],"replies":[{"embeddable":true,"href":"https:\/\/www.associationdemarie.org\/blog\/wp-json\/wp\/v2\/comments?post=24225"}],"version-history":[{"count":1,"href":"https:\/\/www.associationdemarie.org\/blog\/wp-json\/wp\/v2\/posts\/24225\/revisions"}],"predecessor-version":[{"id":24227,"href":"https:\/\/www.associationdemarie.org\/blog\/wp-json\/wp\/v2\/posts\/24225\/revisions\/24227"}],"wp:attachment":[{"href":"https:\/\/www.associationdemarie.org\/blog\/wp-json\/wp\/v2\/media?parent=24225"}],"wp:term":[{"taxonomy":"category","embeddable":true,"href":"https:\/\/www.associationdemarie.org\/blog\/wp-json\/wp\/v2\/categories?post=24225"},{"taxonomy":"post_tag","embeddable":true,"href":"https:\/\/www.associationdemarie.org\/blog\/wp-json\/wp\/v2\/tags?post=24225"}],"curies":[{"name":"wp","href":"https:\/\/api.w.org\/{rel}","templated":true}]}}