{"id":24207,"date":"2024-04-25T01:58:06","date_gmt":"2024-04-25T00:58:06","guid":{"rendered":"http:\/\/www.associationdemarie.org\/blog\/?p=24207"},"modified":"2024-04-11T07:00:16","modified_gmt":"2024-04-11T06:00:16","slug":"fete-de-saint-marc-evangeliste-5","status":"publish","type":"post","link":"https:\/\/www.associationdemarie.org\/blog\/fete-de-saint-marc-evangeliste-5\/","title":{"rendered":"F\u00eate de saint Marc, \u00e9vang\u00e9liste"},"content":{"rendered":"<p><img loading=\"lazy\" decoding=\"async\" class=\"aligncenter  wp-image-24208\" src=\"https:\/\/www.associationdemarie.org\/blog\/wp-content\/uploads\/2024\/04\/25-04-1024x683.jpg\" alt=\"\" width=\"453\" height=\"302\" srcset=\"https:\/\/www.associationdemarie.org\/blog\/wp-content\/uploads\/2024\/04\/25-04-1024x683.jpg 1024w, https:\/\/www.associationdemarie.org\/blog\/wp-content\/uploads\/2024\/04\/25-04-300x200.jpg 300w, https:\/\/www.associationdemarie.org\/blog\/wp-content\/uploads\/2024\/04\/25-04-768x512.jpg 768w, https:\/\/www.associationdemarie.org\/blog\/wp-content\/uploads\/2024\/04\/25-04.jpg 1500w\" sizes=\"auto, (max-width: 453px) 100vw, 453px\" \/><\/p>\n<p>Apr\u00e8s que notre Seigneur a \u00e9t\u00e9 ressuscit\u00e9 d&rsquo;entre les morts et que les ap\u00f4tres ont \u00e9t\u00e9 rev\u00eatus de la force d&rsquo;en haut par la venue de l&rsquo;Esprit Saint (Lc 24,49), ils ont \u00e9t\u00e9 remplis de certitude au sujet de tout et ont eu la connaissance parfaite. Alors ils s&rsquo;en all\u00e8rent jusqu&rsquo;aux extr\u00e9mit\u00e9s de la terre (Ps 18,5), proclamant la bonne nouvelle qui nous vient de Dieu, et annon\u00e7ant aux hommes la paix du ciel, eux qui poss\u00e9daient tous \u00e9galement et chacun en particulier l&rsquo;\u00c9vangile de Dieu.<\/p>\n<p>Ainsi Matthieu, chez les H\u00e9breux, dans leur propre langue, a publi\u00e9 une forme \u00e9crite d&rsquo;\u00c9vangile alors que Pierre et Paul \u00e9vang\u00e9lisaient Rome et y fondaient l&rsquo;\u00c9glise. Apr\u00e8s leur mort, Marc, le disciple de Pierre et son interpr\u00e8te (1P 5,13), nous a transmis lui aussi par \u00e9crit la pr\u00e9dication de Pierre. De son c\u00f4t\u00e9 Luc, le compagnon de Paul, a consign\u00e9 en un livre l&rsquo;\u00c9vangile pr\u00each\u00e9 par celui-ci. Enfin, Jean le disciple du Seigneur, le m\u00eame qui avait repos\u00e9 sur sa poitrine, a publi\u00e9 lui aussi l&rsquo;\u00c9vangile, pendant son s\u00e9jour \u00e0 \u00c9ph\u00e8se&#8230;<\/p>\n<p>Marc, interpr\u00e8te et compagnon de Pierre, a pr\u00e9sent\u00e9 ainsi le d\u00e9but de sa r\u00e9daction de l&rsquo;\u00c9vangile : \u00ab Commencement de l&rsquo;\u00c9vangile de J\u00e9sus Christ, Fils de Dieu. Selon qu&rsquo;il est \u00e9crit dans les proph\u00e8tes : Voici que j&rsquo;envoie mon messager devant toi pour pr\u00e9parer ton chemin \u00bb&#8230; On le voit, Marc fait des paroles des saints proph\u00e8tes le commencement de l&rsquo;\u00c9vangile, et celui que les proph\u00e8tes ont proclam\u00e9 Dieu et Seigneur, Marc le met en t\u00eate comme P\u00e8re de notre Seigneur J\u00e9sus Christ&#8230; \u00c0 la fin de son \u00c9vangile, Marc dit : \u00ab Et le Seigneur J\u00e9sus, apr\u00e8s leur avoir parl\u00e9, fut enlev\u00e9 aux cieux et s&rsquo;assit \u00e0 la droite de Dieu \u00bb. C&rsquo;est la confirmation de la parole du proph\u00e8te : \u00ab Oracle du Seigneur \u00e0 mon ma\u00eetre : Si\u00e8ge \u00e0 ma droite, tes ennemis j&rsquo;en ferai ton marchepied \u00bb (Ps 109,1).<\/p>\n<h3 class=\"GospelCommentaryAuthor-name commentary-author font-2\">Saint Ir\u00e9n\u00e9e de Lyon (v. 130-v. 208)<\/h3>\n<p>&nbsp;<\/p>\n<p>&nbsp;<\/p>\n<p>&nbsp;<\/p>\n","protected":false},"excerpt":{"rendered":"<p>Apr\u00e8s que notre Seigneur a \u00e9t\u00e9 ressuscit\u00e9 d&rsquo;entre les morts et que les ap\u00f4tres ont \u00e9t\u00e9 rev\u00eatus de la force d&rsquo;en haut par la venue de l&rsquo;Esprit Saint (Lc 24,49), ils ont \u00e9t\u00e9 remplis de certitude au sujet de tout et ont eu la connaissance parfaite. Alors ils s&rsquo;en all\u00e8rent jusqu&rsquo;aux extr\u00e9mit\u00e9s de la terre [&hellip;]<\/p>\n","protected":false},"author":2,"featured_media":0,"comment_status":"closed","ping_status":"closed","sticky":false,"template":"","format":"standard","meta":{"footnotes":""},"categories":[13,28],"tags":[1382,388,842,1039,1057],"class_list":["post-24207","post","type-post","status-publish","format-standard","hentry","category-ecritures","category-saints-et-saintes","tag-ecritures","tag-evangeliste","tag-prophetes","tag-st-irenee","tag-st-marc"],"_links":{"self":[{"href":"https:\/\/www.associationdemarie.org\/blog\/wp-json\/wp\/v2\/posts\/24207","targetHints":{"allow":["GET"]}}],"collection":[{"href":"https:\/\/www.associationdemarie.org\/blog\/wp-json\/wp\/v2\/posts"}],"about":[{"href":"https:\/\/www.associationdemarie.org\/blog\/wp-json\/wp\/v2\/types\/post"}],"author":[{"embeddable":true,"href":"https:\/\/www.associationdemarie.org\/blog\/wp-json\/wp\/v2\/users\/2"}],"replies":[{"embeddable":true,"href":"https:\/\/www.associationdemarie.org\/blog\/wp-json\/wp\/v2\/comments?post=24207"}],"version-history":[{"count":2,"href":"https:\/\/www.associationdemarie.org\/blog\/wp-json\/wp\/v2\/posts\/24207\/revisions"}],"predecessor-version":[{"id":24210,"href":"https:\/\/www.associationdemarie.org\/blog\/wp-json\/wp\/v2\/posts\/24207\/revisions\/24210"}],"wp:attachment":[{"href":"https:\/\/www.associationdemarie.org\/blog\/wp-json\/wp\/v2\/media?parent=24207"}],"wp:term":[{"taxonomy":"category","embeddable":true,"href":"https:\/\/www.associationdemarie.org\/blog\/wp-json\/wp\/v2\/categories?post=24207"},{"taxonomy":"post_tag","embeddable":true,"href":"https:\/\/www.associationdemarie.org\/blog\/wp-json\/wp\/v2\/tags?post=24207"}],"curies":[{"name":"wp","href":"https:\/\/api.w.org\/{rel}","templated":true}]}}