{"id":24204,"date":"2024-04-24T01:42:51","date_gmt":"2024-04-24T00:42:51","guid":{"rendered":"http:\/\/www.associationdemarie.org\/blog\/?p=24204"},"modified":"2024-04-10T06:44:31","modified_gmt":"2024-04-10T05:44:31","slug":"je-suis-venu-dans-le-monde-pour-que-celui-qui-croit-en-moi-ne-demeure-pas-dans-les-tenebres","status":"publish","type":"post","link":"https:\/\/www.associationdemarie.org\/blog\/je-suis-venu-dans-le-monde-pour-que-celui-qui-croit-en-moi-ne-demeure-pas-dans-les-tenebres\/","title":{"rendered":"\u00ab Je suis venu dans le monde pour que celui qui croit en moi ne demeure pas dans les t\u00e9n\u00e8bres. \u00bb"},"content":{"rendered":"<p><img loading=\"lazy\" decoding=\"async\" class=\"aligncenter size-full wp-image-24205\" src=\"https:\/\/www.associationdemarie.org\/blog\/wp-content\/uploads\/2024\/04\/24-04-je-suis-la-lumiere-du-monde-celui-qui-me-suit-ne-marchera-pas-dans-les-tenebres-mais-il-aura-la-lumiere-de-la-vie-jean-812-1.jpg\" alt=\"\" width=\"490\" height=\"330\" srcset=\"https:\/\/www.associationdemarie.org\/blog\/wp-content\/uploads\/2024\/04\/24-04-je-suis-la-lumiere-du-monde-celui-qui-me-suit-ne-marchera-pas-dans-les-tenebres-mais-il-aura-la-lumiere-de-la-vie-jean-812-1.jpg 490w, https:\/\/www.associationdemarie.org\/blog\/wp-content\/uploads\/2024\/04\/24-04-je-suis-la-lumiere-du-monde-celui-qui-me-suit-ne-marchera-pas-dans-les-tenebres-mais-il-aura-la-lumiere-de-la-vie-jean-812-1-300x202.jpg 300w\" sizes=\"auto, (max-width: 490px) 100vw, 490px\" \/><\/p>\n<p>\u00d4 bon Ma\u00eetre, J\u00e9sus Christ, j&rsquo;\u00e9tais sans aucun secours, je ne demandais rien, je n&rsquo;y pensais m\u00eame pas, et ta lumi\u00e8re m&rsquo;a \u00e9clair\u00e9 dans ma nuit&#8230; Tu as \u00e9cart\u00e9 de moi le fardeau qui m&rsquo;\u00e9crasait, tu as repouss\u00e9 ceux qui m&rsquo;assaillaient, tu m&rsquo;as appel\u00e9 d&rsquo;un nom nouveau (Ap 2,17), emprunt\u00e9 au tien, le nom de chr\u00e9tien. J&rsquo;\u00e9tais accabl\u00e9, tu m&rsquo;as redress\u00e9. Tu m&rsquo;as dit : \u00ab Confiance, je t&rsquo;ai rachet\u00e9, moi qui ai donn\u00e9 ma vie pour toi. Si tu veux t&rsquo;attacher \u00e0 moi, tu \u00e9chapperas au mal et \u00e0 l&rsquo;ab\u00eeme o\u00f9 tu cours, je te conduirai en mon Royaume&#8230; \u00bb<\/p>\n<p>Oui, Seigneur, tu as tout fait pour moi ! J&rsquo;\u00e9tais dans les t\u00e9n\u00e8bres et je n&rsquo;en savais rien&#8230;, je descendais vers le gouffre de l&rsquo;injustice, j&rsquo;\u00e9tais tomb\u00e9 dans la mis\u00e8re du temps pour tomber plus bas encore. Et \u00e0 l&rsquo;heure o\u00f9 je me trouvais sans secours, tu m&rsquo;as \u00e9clair\u00e9. Sans m\u00eame que je te le demande, tu m&rsquo;as illumin\u00e9. En ta lumi\u00e8re, j&rsquo;ai vu ce qu&rsquo;\u00e9taient les autres et ce que je suis&#8230; ; tu m&rsquo;as donn\u00e9 confiance en mon salut, toi qui as donn\u00e9 ta vie pour moi&#8230; Je le reconnais, \u00f4 Christ, je me dois tout entier \u00e0 ton amour.<\/p>\n<h3 class=\"GospelCommentaryAuthor-name commentary-author font-2\">Saint Anselme (1033-1109)<\/h3>\n<p>&nbsp;<\/p>\n<p>&nbsp;<\/p>\n<p>&nbsp;<\/p>\n","protected":false},"excerpt":{"rendered":"<p>\u00d4 bon Ma\u00eetre, J\u00e9sus Christ, j&rsquo;\u00e9tais sans aucun secours, je ne demandais rien, je n&rsquo;y pensais m\u00eame pas, et ta lumi\u00e8re m&rsquo;a \u00e9clair\u00e9 dans ma nuit&#8230; Tu as \u00e9cart\u00e9 de moi le fardeau qui m&rsquo;\u00e9crasait, tu as repouss\u00e9 ceux qui m&rsquo;assaillaient, tu m&rsquo;as appel\u00e9 d&rsquo;un nom nouveau (Ap 2,17), emprunt\u00e9 au tien, le nom de [&hellip;]<\/p>\n","protected":false},"author":2,"featured_media":0,"comment_status":"closed","ping_status":"closed","sticky":false,"template":"","format":"standard","meta":{"footnotes":""},"categories":[26],"tags":[600,830,1459,1399],"class_list":["post-24204","post","type-post","status-publish","format-standard","hentry","category-priere-des-ames","tag-lumiere","tag-priere","tag-st-anselme","tag-tenebres"],"_links":{"self":[{"href":"https:\/\/www.associationdemarie.org\/blog\/wp-json\/wp\/v2\/posts\/24204","targetHints":{"allow":["GET"]}}],"collection":[{"href":"https:\/\/www.associationdemarie.org\/blog\/wp-json\/wp\/v2\/posts"}],"about":[{"href":"https:\/\/www.associationdemarie.org\/blog\/wp-json\/wp\/v2\/types\/post"}],"author":[{"embeddable":true,"href":"https:\/\/www.associationdemarie.org\/blog\/wp-json\/wp\/v2\/users\/2"}],"replies":[{"embeddable":true,"href":"https:\/\/www.associationdemarie.org\/blog\/wp-json\/wp\/v2\/comments?post=24204"}],"version-history":[{"count":1,"href":"https:\/\/www.associationdemarie.org\/blog\/wp-json\/wp\/v2\/posts\/24204\/revisions"}],"predecessor-version":[{"id":24206,"href":"https:\/\/www.associationdemarie.org\/blog\/wp-json\/wp\/v2\/posts\/24204\/revisions\/24206"}],"wp:attachment":[{"href":"https:\/\/www.associationdemarie.org\/blog\/wp-json\/wp\/v2\/media?parent=24204"}],"wp:term":[{"taxonomy":"category","embeddable":true,"href":"https:\/\/www.associationdemarie.org\/blog\/wp-json\/wp\/v2\/categories?post=24204"},{"taxonomy":"post_tag","embeddable":true,"href":"https:\/\/www.associationdemarie.org\/blog\/wp-json\/wp\/v2\/tags?post=24204"}],"curies":[{"name":"wp","href":"https:\/\/api.w.org\/{rel}","templated":true}]}}