{"id":24200,"date":"2024-04-23T01:50:50","date_gmt":"2024-04-23T00:50:50","guid":{"rendered":"http:\/\/www.associationdemarie.org\/blog\/?p=24200"},"modified":"2024-04-09T06:53:16","modified_gmt":"2024-04-09T05:53:16","slug":"le-pere-et-moi-nous-sommes-un-6","status":"publish","type":"post","link":"https:\/\/www.associationdemarie.org\/blog\/le-pere-et-moi-nous-sommes-un-6\/","title":{"rendered":"\u00ab Le P\u00e8re et moi, nous sommes UN. \u00bb"},"content":{"rendered":"<p><img loading=\"lazy\" decoding=\"async\" class=\"aligncenter  wp-image-24201\" src=\"https:\/\/www.associationdemarie.org\/blog\/wp-content\/uploads\/2024\/04\/23-04-resurrection-jesus-christ-nouveau-testament-ancien-alliance-ressuscitee-troisieme-jour-dieu-bible-religion-foi-au-sauveur-humanite_771426-16887.jpg\" alt=\"\" width=\"451\" height=\"300\" srcset=\"https:\/\/www.associationdemarie.org\/blog\/wp-content\/uploads\/2024\/04\/23-04-resurrection-jesus-christ-nouveau-testament-ancien-alliance-ressuscitee-troisieme-jour-dieu-bible-religion-foi-au-sauveur-humanite_771426-16887.jpg 360w, https:\/\/www.associationdemarie.org\/blog\/wp-content\/uploads\/2024\/04\/23-04-resurrection-jesus-christ-nouveau-testament-ancien-alliance-ressuscitee-troisieme-jour-dieu-bible-religion-foi-au-sauveur-humanite_771426-16887-300x200.jpg 300w\" sizes=\"auto, (max-width: 451px) 100vw, 451px\" \/><\/p>\n<p>Voici la foi catholique : nous v\u00e9n\u00e9rons un Dieu dans la Trinit\u00e9 et la Trinit\u00e9 dans l&rsquo;unit\u00e9, sans confondre les personnes, sans diviser la substance : autre est en effet la personne du P\u00e8re, autre celle du Fils, autre celle du Saint Esprit ; mais le P\u00e8re, le Fils et le Saint Esprit ont une m\u00eame divinit\u00e9, une gloire \u00e9gale, une m\u00eame \u00e9ternelle majest\u00e9. Comme est le P\u00e8re, tel est le Fils, tel le Saint Esprit : incr\u00e9\u00e9 est le P\u00e8re, incr\u00e9\u00e9 le Fils, incr\u00e9\u00e9 le Saint Esprit&#8230; Ainsi le P\u00e8re est Dieu, le Fils est Dieu, le Saint Esprit est Dieu ; et cependant, ils ne sont pas trois dieux, mais un Dieu&#8230;<\/p>\n<p>Voici la foi droite : nous croyons et nous confessons que notre Seigneur J\u00e9sus Christ, Fils de Dieu, est Dieu et homme : il est Dieu, de la substance du P\u00e8re, engendr\u00e9 avant les si\u00e8cles ; et il est homme, de la substance de sa m\u00e8re, n\u00e9 dans le temps : Dieu parfait, homme parfait, compos\u00e9 d&rsquo;une \u00e2me raisonnable et d&rsquo;un corps humain, \u00e9gal au P\u00e8re selon la divinit\u00e9, inf\u00e9rieur au P\u00e8re selon l&rsquo;humanit\u00e9. Bien qu&rsquo;il soit Dieu et homme, il n&rsquo;y a pas cependant deux Christ, mais un Christ : un, non parce que la divinit\u00e9 a pass\u00e9 dans la chair, mais parce que l&rsquo;humanit\u00e9 a \u00e9t\u00e9 assum\u00e9e par Dieu ; un absolument, non par un m\u00e9lange de substance, mais par l&rsquo;unit\u00e9 de personne. Car, de m\u00eame que l&rsquo;\u00e2me raisonnable et le corps font un homme, de m\u00eame Dieu et l&rsquo;homme font un Christ. Il a souffert pour notre salut, il est descendu aux enfers, le troisi\u00e8me jour il est ressuscit\u00e9 des morts, il est mont\u00e9 aux cieux, il si\u00e8ge \u00e0 la droite du P\u00e8re, d&rsquo;o\u00f9 il viendra juger les vivants et les morts.<\/p>\n<h3 class=\"GospelCommentaryAuthor-name commentary-author font-2\">Symbole \u00ab Quicumque \u00bb<\/h3>\n<p class=\"GospelCommentaryAuthor-description commentary-short_description ng-star-inserted\">dit de saint Athanase (entre 430 et 500)<\/p>\n<p>&nbsp;<\/p>\n<p>&nbsp;<\/p>\n<p>&nbsp;<\/p>\n","protected":false},"excerpt":{"rendered":"<p>Voici la foi catholique : nous v\u00e9n\u00e9rons un Dieu dans la Trinit\u00e9 et la Trinit\u00e9 dans l&rsquo;unit\u00e9, sans confondre les personnes, sans diviser la substance : autre est en effet la personne du P\u00e8re, autre celle du Fils, autre celle du Saint Esprit ; mais le P\u00e8re, le Fils et le Saint Esprit ont une [&hellip;]<\/p>\n","protected":false},"author":2,"featured_media":0,"comment_status":"closed","ping_status":"closed","sticky":false,"template":"","format":"standard","meta":{"footnotes":""},"categories":[1261],"tags":[271,1673,1011,1110,1163],"class_list":["post-24200","post","type-post","status-publish","format-standard","hentry","category-enseignement-2","tag-credo","tag-quicumque","tag-st-athanase","tag-ste-trinite","tag-un"],"_links":{"self":[{"href":"https:\/\/www.associationdemarie.org\/blog\/wp-json\/wp\/v2\/posts\/24200","targetHints":{"allow":["GET"]}}],"collection":[{"href":"https:\/\/www.associationdemarie.org\/blog\/wp-json\/wp\/v2\/posts"}],"about":[{"href":"https:\/\/www.associationdemarie.org\/blog\/wp-json\/wp\/v2\/types\/post"}],"author":[{"embeddable":true,"href":"https:\/\/www.associationdemarie.org\/blog\/wp-json\/wp\/v2\/users\/2"}],"replies":[{"embeddable":true,"href":"https:\/\/www.associationdemarie.org\/blog\/wp-json\/wp\/v2\/comments?post=24200"}],"version-history":[{"count":2,"href":"https:\/\/www.associationdemarie.org\/blog\/wp-json\/wp\/v2\/posts\/24200\/revisions"}],"predecessor-version":[{"id":24203,"href":"https:\/\/www.associationdemarie.org\/blog\/wp-json\/wp\/v2\/posts\/24200\/revisions\/24203"}],"wp:attachment":[{"href":"https:\/\/www.associationdemarie.org\/blog\/wp-json\/wp\/v2\/media?parent=24200"}],"wp:term":[{"taxonomy":"category","embeddable":true,"href":"https:\/\/www.associationdemarie.org\/blog\/wp-json\/wp\/v2\/categories?post=24200"},{"taxonomy":"post_tag","embeddable":true,"href":"https:\/\/www.associationdemarie.org\/blog\/wp-json\/wp\/v2\/tags?post=24200"}],"curies":[{"name":"wp","href":"https:\/\/api.w.org\/{rel}","templated":true}]}}