{"id":24197,"date":"2024-04-22T01:28:36","date_gmt":"2024-04-22T00:28:36","guid":{"rendered":"http:\/\/www.associationdemarie.org\/blog\/?p=24197"},"modified":"2024-04-08T06:30:14","modified_gmt":"2024-04-08T05:30:14","slug":"je-suis-le-bon-pasteur-jn-1011","status":"publish","type":"post","link":"https:\/\/www.associationdemarie.org\/blog\/je-suis-le-bon-pasteur-jn-1011\/","title":{"rendered":"\u00ab Je suis le bon pasteur. \u00bb (Jn 10,11)"},"content":{"rendered":"<p><img loading=\"lazy\" decoding=\"async\" class=\"aligncenter  wp-image-24198\" src=\"https:\/\/www.associationdemarie.org\/blog\/wp-content\/uploads\/2024\/04\/22-04-jesus-bon-pasteur-1024x683.jpg\" alt=\"\" width=\"454\" height=\"303\" srcset=\"https:\/\/www.associationdemarie.org\/blog\/wp-content\/uploads\/2024\/04\/22-04-jesus-bon-pasteur-1024x683.jpg 1024w, https:\/\/www.associationdemarie.org\/blog\/wp-content\/uploads\/2024\/04\/22-04-jesus-bon-pasteur-300x200.jpg 300w, https:\/\/www.associationdemarie.org\/blog\/wp-content\/uploads\/2024\/04\/22-04-jesus-bon-pasteur-768x512.jpg 768w, https:\/\/www.associationdemarie.org\/blog\/wp-content\/uploads\/2024\/04\/22-04-jesus-bon-pasteur.jpg 1200w\" sizes=\"auto, (max-width: 454px) 100vw, 454px\" \/><\/p>\n<p>J\u00e9sus a dit : \u00ab Je suis le bon pasteur \u00bb (Jn 10,11). Il est \u00e9vident que le titre de pasteur convient au Christ. Car de m\u00eame qu\u2019un berger m\u00e8ne pa\u00eetre son troupeau, ainsi le Christ restaure les fid\u00e8les par une nourriture spirituelle, son propre corps et son propre sang.<\/p>\n<p>Pour se diff\u00e9rencier du mauvais pasteur et du voleur, J\u00e9sus pr\u00e9cise qu\u2019il est le bon pasteur. Bon, parce qu\u2019il d\u00e9fend son troupeau avec le d\u00e9vouement d\u2019un bon soldat pour sa patrie. D\u2019autre part, le Christ a dit que le pasteur entre par la porte et qu\u2019il est lui-m\u00eame cette porte (cf. Jn 10,7). Quand donc il se d\u00e9clare ici le pasteur, il faut comprendre que c\u2019est lui qui entre, et par lui-m\u00eame. C\u2019est bien vrai, car il manifeste qu\u2019il conna\u00eet le P\u00e8re par lui-m\u00eame, tandis que nous, nous entrons par lui, et c\u2019est lui qui nous donne la b\u00e9atitude. Remarquons bien que personne d\u2019autre que lui n\u2019est la porte, car personne d\u2019autre n\u2019est la lumi\u00e8re, sinon par participation. Jean-Baptiste \u00ab n\u2019\u00e9tait pas la lumi\u00e8re, mais il vint pour rendre t\u00e9moignage \u00e0 la lumi\u00e8re \u00bb (Jn 1,8). Le Christ, lui, \u00ab \u00e9tait la lumi\u00e8re qui \u00e9claire tout homme \u00bb (v. 9). Personne ne peut donc se dire la porte, car le Christ s\u2019est r\u00e9serv\u00e9 ce titre.<\/p>\n<p>Mais le titre de pasteur, il l\u2019a communiqu\u00e9 \u00e0 d\u2019autres, il l\u2019a donn\u00e9 \u00e0 certains de ses membres. En effet, Pierre le fut aussi, et les autres ap\u00f4tres, ainsi que tous les \u00e9v\u00eaques. \u00ab Je vous donnerai. dit J\u00e9r\u00e9mie, des pasteurs selon mon c\u0153ur \u00bb (3,15). Bien que les chefs de l\u2019\u00c9glise \u2013 qui sont des fils de celle-ci \u2013 soient tous des pasteurs, le Christ dit : \u00ab Je suis le bon pasteur \u00bb, pour montrer la force unique de son amour. Aucun pasteur n\u2019est bon s\u2019il n\u2019est uni au Christ par la charit\u00e9, devenant ainsi membre du pasteur v\u00e9ritable.<\/p>\n<h3 class=\"GospelCommentaryAuthor-name commentary-author font-2\">Saint Thomas d&rsquo;Aquin (1225-1274)<\/h3>\n<p>&nbsp;<\/p>\n<p>&nbsp;<\/p>\n<p>&nbsp;<\/p>\n","protected":false},"excerpt":{"rendered":"<p>J\u00e9sus a dit : \u00ab Je suis le bon pasteur \u00bb (Jn 10,11). Il est \u00e9vident que le titre de pasteur convient au Christ. Car de m\u00eame qu\u2019un berger m\u00e8ne pa\u00eetre son troupeau, ainsi le Christ restaure les fid\u00e8les par une nourriture spirituelle, son propre corps et son propre sang. Pour se diff\u00e9rencier du mauvais [&hellip;]<\/p>\n","protected":false},"author":2,"featured_media":0,"comment_status":"closed","ping_status":"closed","sticky":false,"template":"","format":"standard","meta":{"footnotes":""},"categories":[13,1261],"tags":[174,779,1082],"class_list":["post-24197","post","type-post","status-publish","format-standard","hentry","category-ecritures","category-enseignement-2","tag-brebis","tag-pasteur","tag-st-thomas-daquin"],"_links":{"self":[{"href":"https:\/\/www.associationdemarie.org\/blog\/wp-json\/wp\/v2\/posts\/24197","targetHints":{"allow":["GET"]}}],"collection":[{"href":"https:\/\/www.associationdemarie.org\/blog\/wp-json\/wp\/v2\/posts"}],"about":[{"href":"https:\/\/www.associationdemarie.org\/blog\/wp-json\/wp\/v2\/types\/post"}],"author":[{"embeddable":true,"href":"https:\/\/www.associationdemarie.org\/blog\/wp-json\/wp\/v2\/users\/2"}],"replies":[{"embeddable":true,"href":"https:\/\/www.associationdemarie.org\/blog\/wp-json\/wp\/v2\/comments?post=24197"}],"version-history":[{"count":1,"href":"https:\/\/www.associationdemarie.org\/blog\/wp-json\/wp\/v2\/posts\/24197\/revisions"}],"predecessor-version":[{"id":24199,"href":"https:\/\/www.associationdemarie.org\/blog\/wp-json\/wp\/v2\/posts\/24197\/revisions\/24199"}],"wp:attachment":[{"href":"https:\/\/www.associationdemarie.org\/blog\/wp-json\/wp\/v2\/media?parent=24197"}],"wp:term":[{"taxonomy":"category","embeddable":true,"href":"https:\/\/www.associationdemarie.org\/blog\/wp-json\/wp\/v2\/categories?post=24197"},{"taxonomy":"post_tag","embeddable":true,"href":"https:\/\/www.associationdemarie.org\/blog\/wp-json\/wp\/v2\/tags?post=24197"}],"curies":[{"name":"wp","href":"https:\/\/api.w.org\/{rel}","templated":true}]}}