{"id":24162,"date":"2024-03-29T12:27:36","date_gmt":"2024-03-29T11:27:36","guid":{"rendered":"http:\/\/www.associationdemarie.org\/blog\/?p=24162"},"modified":"2024-03-29T13:43:28","modified_gmt":"2024-03-29T12:43:28","slug":"message-du-28-mars-2024","status":"publish","type":"post","link":"https:\/\/www.associationdemarie.org\/blog\/message-du-28-mars-2024\/","title":{"rendered":"Message du 28 mars 2024"},"content":{"rendered":"<p><iframe loading=\"lazy\" title=\"Message de Marie M\u00e8re des hommes - jeudi 28 mars 2024\" width=\"500\" height=\"281\" src=\"https:\/\/www.youtube.com\/embed\/VGS4fRGSAPU?feature=oembed\" frameborder=\"0\" allow=\"accelerometer; autoplay; clipboard-write; encrypted-media; gyroscope; picture-in-picture; web-share\" referrerpolicy=\"strict-origin-when-cross-origin\" allowfullscreen><\/iframe><\/p>\n<p>&nbsp;<\/p>\n<p><strong>Message re\u00e7u le 28 mars 2024 (Jeudi Saint) \u00e0 15h avant le chapelet<\/strong><\/p>\n<p>&nbsp;<\/p>\n<p>Mes enfants,<\/p>\n<p>Ma parole est lumi\u00e8re,<\/p>\n<p>ma parole est Amour et Paix,<\/p>\n<p>ma parole est un feu qui embrase le monde, qui doit r\u00e9chauffer vos c\u0153urs.<\/p>\n<p>Mes enfants, la Croix de mon Fils est dress\u00e9e de nouveau sur votre humanit\u00e9 ent\u00e9n\u00e9br\u00e9e par le malin, ent\u00e9n\u00e9br\u00e9e par votre aveuglement et votre surdit\u00e9 aux cris d\u2019Amour et de Mis\u00e9ricorde de votre R\u00e9dempteur, \u00e0 Son Sacrifice.<\/p>\n<p>Comprenez-vous la vraie port\u00e9e de ce don ? Comprenez-vous sa valeur ?<\/p>\n<p>Mes enfants,<\/p>\n<p>J\u2019accompagne mon Fils sur ce chemin de douleurs et mon c\u0153ur saigne de votre si faible \u00e9coute, de votre si fragile engagement. Mon c\u0153ur de m\u00e8re se consume d\u2019amour pour Celui qui a donn\u00e9 Sa vie et pour mes enfants qui se d\u00e9tournent, renient, se moquent, n\u00e9gligent ou ignorent ce don supr\u00eame.<\/p>\n<p>H\u00e2tez-vous mes enfants !<\/p>\n<p>Le voile du temple se d\u00e9chire, la terre tremble, l\u2019obscurit\u00e9 recouvre votre monde.<\/p>\n<p>Il est temps d\u2019ouvrir les portes de ma maison.<\/p>\n<p>Mes enfants, mon Fils a tant aim\u00e9 ce monde qu\u2019Il a offert librement Sa vie.<\/p>\n<p>Pouvez-vous m\u2019offrir vous aussi un peu de votre temps, offrir un peu de temps \u00e0 votre fr\u00e8re ?<\/p>\n<p>Je suis Marie M\u00e8re des hommes et M\u00e8re de douleurs.<\/p>\n<p>&nbsp;<\/p>\n<p>&nbsp;<\/p>\n","protected":false},"excerpt":{"rendered":"<p>&nbsp; Message re\u00e7u le 28 mars 2024 (Jeudi Saint) \u00e0 15h avant le chapelet &nbsp; Mes enfants, Ma parole est lumi\u00e8re, ma parole est Amour et Paix, ma parole est un feu qui embrase le monde, qui doit r\u00e9chauffer vos c\u0153urs. Mes enfants, la Croix de mon Fils est dress\u00e9e de nouveau sur votre humanit\u00e9 [&hellip;]<\/p>\n","protected":false},"author":2,"featured_media":0,"comment_status":"closed","ping_status":"closed","sticky":false,"template":"","format":"standard","meta":{"footnotes":""},"categories":[2,19,1238],"tags":[184,274,1384,640,668,777],"class_list":["post-24162","post","type-post","status-publish","format-standard","hentry","category-actualites","category-messages","category-messages-video","tag-careme","tag-croix","tag-maison-de-marie-dardouane","tag-marie-mere-des-hommes","tag-message","tag-passion"],"_links":{"self":[{"href":"https:\/\/www.associationdemarie.org\/blog\/wp-json\/wp\/v2\/posts\/24162","targetHints":{"allow":["GET"]}}],"collection":[{"href":"https:\/\/www.associationdemarie.org\/blog\/wp-json\/wp\/v2\/posts"}],"about":[{"href":"https:\/\/www.associationdemarie.org\/blog\/wp-json\/wp\/v2\/types\/post"}],"author":[{"embeddable":true,"href":"https:\/\/www.associationdemarie.org\/blog\/wp-json\/wp\/v2\/users\/2"}],"replies":[{"embeddable":true,"href":"https:\/\/www.associationdemarie.org\/blog\/wp-json\/wp\/v2\/comments?post=24162"}],"version-history":[{"count":2,"href":"https:\/\/www.associationdemarie.org\/blog\/wp-json\/wp\/v2\/posts\/24162\/revisions"}],"predecessor-version":[{"id":24164,"href":"https:\/\/www.associationdemarie.org\/blog\/wp-json\/wp\/v2\/posts\/24162\/revisions\/24164"}],"wp:attachment":[{"href":"https:\/\/www.associationdemarie.org\/blog\/wp-json\/wp\/v2\/media?parent=24162"}],"wp:term":[{"taxonomy":"category","embeddable":true,"href":"https:\/\/www.associationdemarie.org\/blog\/wp-json\/wp\/v2\/categories?post=24162"},{"taxonomy":"post_tag","embeddable":true,"href":"https:\/\/www.associationdemarie.org\/blog\/wp-json\/wp\/v2\/tags?post=24162"}],"curies":[{"name":"wp","href":"https:\/\/api.w.org\/{rel}","templated":true}]}}