{"id":24155,"date":"2024-04-11T01:24:26","date_gmt":"2024-04-11T00:24:26","guid":{"rendered":"http:\/\/www.associationdemarie.org\/blog\/?p=24155"},"modified":"2024-03-28T08:26:00","modified_gmt":"2024-03-28T07:26:00","slug":"celui-que-dieu-a-envoye-dit-les-paroles-de-dieu-car-il-donne-lesprit-sans-mesure","status":"publish","type":"post","link":"https:\/\/www.associationdemarie.org\/blog\/celui-que-dieu-a-envoye-dit-les-paroles-de-dieu-car-il-donne-lesprit-sans-mesure\/","title":{"rendered":"\u00ab Celui que Dieu a envoy\u00e9 dit les paroles de Dieu car il donne l&rsquo;Esprit sans mesure. \u00bb"},"content":{"rendered":"<p><img loading=\"lazy\" decoding=\"async\" class=\"aligncenter  wp-image-24156\" src=\"https:\/\/www.associationdemarie.org\/blog\/wp-content\/uploads\/2024\/03\/11-04.jpg\" alt=\"\" width=\"441\" height=\"441\" srcset=\"https:\/\/www.associationdemarie.org\/blog\/wp-content\/uploads\/2024\/03\/11-04.jpg 700w, https:\/\/www.associationdemarie.org\/blog\/wp-content\/uploads\/2024\/03\/11-04-150x150.jpg 150w, https:\/\/www.associationdemarie.org\/blog\/wp-content\/uploads\/2024\/03\/11-04-300x300.jpg 300w\" sizes=\"auto, (max-width: 441px) 100vw, 441px\" \/><\/p>\n<p>\u00d4 Seigneur mon Dieu, lumi\u00e8re des aveugles et force des faibles, mais en m\u00eame temps lumi\u00e8re des voyants et force des forts, sois attentif \u00e0 mon \u00e2me, entends-la crier du fond de l&rsquo;ab\u00eeme (Ps 129,1). Car si tu n&rsquo;es pas \u00e0 l&rsquo;\u00e9coute m\u00eame dans l&rsquo;ab\u00eeme, o\u00f9 irons-nous ? O\u00f9 adresserons-nous nos cris ?<\/p>\n<p>\u00ab \u00c0 toi est le jour, \u00e0 toi aussi la nuit \u00bb (Ps 73,16). Un signe de toi et les instants s&rsquo;envolent. Donne d\u00e9sormais largement \u00e0 nos pens\u00e9es le temps de fouiller les retraites cach\u00e9es de ta loi et n&rsquo;en ferme pas la porte \u00e0 ceux qui y frappent (Mt 7,7). Ce n&rsquo;est pas sans raison que tu as voulu faire \u00e9crire tant de pages pleines d&rsquo;ombre et de myst\u00e8re. Ces belles for\u00eats n&rsquo;ont-elles pas leurs cerfs (Ps 28,9) qui viennent l\u00e0 se r\u00e9fugier et se ressaisir, se promener et p\u00e2turer, se coucher et ruminer ? \u00d4 Seigneur, conduis-moi au terme et r\u00e9v\u00e8le-moi leurs secrets.<\/p>\n<p>Ta parole est toute ma joie, ta parole plus douce qu&rsquo;un torrent de volupt\u00e9s. Donne-moi ce que j&rsquo;aime, car j&rsquo;aime et cet amour est un don de toi. N&rsquo;abandonne pas tes dons, ne d\u00e9daigne pas ton brin d&rsquo;herbe assoiff\u00e9. Que je proclame tout ce que je d\u00e9couvrirai dans tes livres ; fais que \u00ab j&rsquo;entende la voix de ta louange \u00bb (Ps 25,7). Puiss\u00e9-je boire ta parole et consid\u00e9rer les merveilles de ta loi (Ps 118,18) depuis le premier instant o\u00f9 tu as cr\u00e9\u00e9 le ciel et la terre jusqu&rsquo;au r\u00e8gne \u00e9ternel avec toi dans la sainte cit\u00e9.<\/p>\n<h3 class=\"GospelCommentaryAuthor-name commentary-author font-2\">Saint Augustin (354-430)<\/h3>\n<p>&nbsp;<\/p>\n<p>&nbsp;<\/p>\n<p>&nbsp;<\/p>\n","protected":false},"excerpt":{"rendered":"<p>\u00d4 Seigneur mon Dieu, lumi\u00e8re des aveugles et force des faibles, mais en m\u00eame temps lumi\u00e8re des voyants et force des forts, sois attentif \u00e0 mon \u00e2me, entends-la crier du fond de l&rsquo;ab\u00eeme (Ps 129,1). Car si tu n&rsquo;es pas \u00e0 l&rsquo;\u00e9coute m\u00eame dans l&rsquo;ab\u00eeme, o\u00f9 irons-nous ? O\u00f9 adresserons-nous nos cris ? \u00ab \u00c0 [&hellip;]<\/p>\n","protected":false},"author":2,"featured_media":0,"comment_status":"closed","ping_status":"closed","sticky":false,"template":"","format":"standard","meta":{"footnotes":""},"categories":[1261],"tags":[378,1012],"class_list":["post-24155","post","type-post","status-publish","format-standard","hentry","category-enseignement-2","tag-esprit-saint","tag-st-augustin"],"_links":{"self":[{"href":"https:\/\/www.associationdemarie.org\/blog\/wp-json\/wp\/v2\/posts\/24155","targetHints":{"allow":["GET"]}}],"collection":[{"href":"https:\/\/www.associationdemarie.org\/blog\/wp-json\/wp\/v2\/posts"}],"about":[{"href":"https:\/\/www.associationdemarie.org\/blog\/wp-json\/wp\/v2\/types\/post"}],"author":[{"embeddable":true,"href":"https:\/\/www.associationdemarie.org\/blog\/wp-json\/wp\/v2\/users\/2"}],"replies":[{"embeddable":true,"href":"https:\/\/www.associationdemarie.org\/blog\/wp-json\/wp\/v2\/comments?post=24155"}],"version-history":[{"count":1,"href":"https:\/\/www.associationdemarie.org\/blog\/wp-json\/wp\/v2\/posts\/24155\/revisions"}],"predecessor-version":[{"id":24157,"href":"https:\/\/www.associationdemarie.org\/blog\/wp-json\/wp\/v2\/posts\/24155\/revisions\/24157"}],"wp:attachment":[{"href":"https:\/\/www.associationdemarie.org\/blog\/wp-json\/wp\/v2\/media?parent=24155"}],"wp:term":[{"taxonomy":"category","embeddable":true,"href":"https:\/\/www.associationdemarie.org\/blog\/wp-json\/wp\/v2\/categories?post=24155"},{"taxonomy":"post_tag","embeddable":true,"href":"https:\/\/www.associationdemarie.org\/blog\/wp-json\/wp\/v2\/tags?post=24155"}],"curies":[{"name":"wp","href":"https:\/\/api.w.org\/{rel}","templated":true}]}}