{"id":24148,"date":"2024-04-09T01:14:24","date_gmt":"2024-04-09T00:14:24","guid":{"rendered":"http:\/\/www.associationdemarie.org\/blog\/?p=24148"},"modified":"2024-03-26T08:16:24","modified_gmt":"2024-03-26T07:16:24","slug":"tu-ne-sais-pas-dou-il-vient-ni-ou-il-va-3","status":"publish","type":"post","link":"https:\/\/www.associationdemarie.org\/blog\/tu-ne-sais-pas-dou-il-vient-ni-ou-il-va-3\/","title":{"rendered":"\u00ab Tu ne sais pas d&rsquo;o\u00f9 il vient ni o\u00f9 il va. \u00bb"},"content":{"rendered":"<p><img loading=\"lazy\" decoding=\"async\" class=\"aligncenter  wp-image-24149\" src=\"https:\/\/www.associationdemarie.org\/blog\/wp-content\/uploads\/2024\/03\/9-04.jpg\" alt=\"\" width=\"414\" height=\"281\" srcset=\"https:\/\/www.associationdemarie.org\/blog\/wp-content\/uploads\/2024\/03\/9-04.jpg 736w, https:\/\/www.associationdemarie.org\/blog\/wp-content\/uploads\/2024\/03\/9-04-300x203.jpg 300w\" sizes=\"auto, (max-width: 414px) 100vw, 414px\" \/><\/p>\n<p>Qui es-tu, douce lumi\u00e8re qui me combles<br \/>\net illumines les t\u00e9n\u00e8bres de mon c\u0153ur ?<br \/>\nTu me guides comme la main d&rsquo;une m\u00e8re,<br \/>\net si tu me l\u00e2chais,<br \/>\nje ne pourrais plus faire un seul pas.<\/p>\n<p>Tu es l&rsquo;espace<br \/>\nqui enveloppe mon \u00eatre et l&rsquo;abrite en toi.<br \/>\nAbandonn\u00e9 de toi, il sombrerait dans le gouffre du n\u00e9ant<br \/>\nd&rsquo;o\u00f9 tu l&rsquo;as tir\u00e9 pour l&rsquo;\u00e9lever vers la lumi\u00e8re.<br \/>\nToi, plus proche de moi<br \/>\nque je ne le suis de moi-m\u00eame,<br \/>\nplus intime que le tr\u00e9fonds de mon \u00e2me,<br \/>\net cependant insaisissable et ineffable,<br \/>\nau-del\u00e0 de tout nom,<br \/>\nEsprit Saint, Amour \u00e9ternel !<\/p>\n<p>N&rsquo;es-tu pas la douce manne<br \/>\nqui du c\u0153ur du Fils<br \/>\nd\u00e9borde dans le mien,<br \/>\nla nourriture des anges et des bienheureux ?<br \/>\nLui qui s&rsquo;est relev\u00e9 de la mort \u00e0 la vie<br \/>\nm&rsquo;a \u00e9veill\u00e9e moi aussi du sommeil de la mort \u00e0 une vie nouvelle.<br \/>\nEt jour apr\u00e8s jour<br \/>\nil continue de me donner une nouvelle vie,<br \/>\ndont un jour la pl\u00e9nitude m&rsquo;inondera tout enti\u00e8re,<br \/>\nvie issue de ta vie, oui, toi-m\u00eame,<br \/>\nEsprit Saint, Vie \u00e9ternelle !<\/p>\n<h3 class=\"GospelCommentaryAuthor-name commentary-author font-2\">Sainte Th\u00e9r\u00e8se-B\u00e9n\u00e9dicte de la Croix [\u00c9dith Stein] (1891-1942)<\/h3>\n<p>&nbsp;<\/p>\n<p>&nbsp;<\/p>\n<p>&nbsp;<\/p>\n<p>&nbsp;<\/p>\n","protected":false},"excerpt":{"rendered":"<p>Qui es-tu, douce lumi\u00e8re qui me combles et illumines les t\u00e9n\u00e8bres de mon c\u0153ur ? Tu me guides comme la main d&rsquo;une m\u00e8re, et si tu me l\u00e2chais, je ne pourrais plus faire un seul pas. Tu es l&rsquo;espace qui enveloppe mon \u00eatre et l&rsquo;abrite en toi. Abandonn\u00e9 de toi, il sombrerait dans le gouffre [&hellip;]<\/p>\n","protected":false},"author":2,"featured_media":0,"comment_status":"closed","ping_status":"closed","sticky":false,"template":"","format":"standard","meta":{"footnotes":""},"categories":[26],"tags":[378,1108],"class_list":["post-24148","post","type-post","status-publish","format-standard","hentry","category-priere-des-ames","tag-esprit-saint","tag-ste-therese-benedicte-de-la-croix"],"_links":{"self":[{"href":"https:\/\/www.associationdemarie.org\/blog\/wp-json\/wp\/v2\/posts\/24148","targetHints":{"allow":["GET"]}}],"collection":[{"href":"https:\/\/www.associationdemarie.org\/blog\/wp-json\/wp\/v2\/posts"}],"about":[{"href":"https:\/\/www.associationdemarie.org\/blog\/wp-json\/wp\/v2\/types\/post"}],"author":[{"embeddable":true,"href":"https:\/\/www.associationdemarie.org\/blog\/wp-json\/wp\/v2\/users\/2"}],"replies":[{"embeddable":true,"href":"https:\/\/www.associationdemarie.org\/blog\/wp-json\/wp\/v2\/comments?post=24148"}],"version-history":[{"count":1,"href":"https:\/\/www.associationdemarie.org\/blog\/wp-json\/wp\/v2\/posts\/24148\/revisions"}],"predecessor-version":[{"id":24150,"href":"https:\/\/www.associationdemarie.org\/blog\/wp-json\/wp\/v2\/posts\/24148\/revisions\/24150"}],"wp:attachment":[{"href":"https:\/\/www.associationdemarie.org\/blog\/wp-json\/wp\/v2\/media?parent=24148"}],"wp:term":[{"taxonomy":"category","embeddable":true,"href":"https:\/\/www.associationdemarie.org\/blog\/wp-json\/wp\/v2\/categories?post=24148"},{"taxonomy":"post_tag","embeddable":true,"href":"https:\/\/www.associationdemarie.org\/blog\/wp-json\/wp\/v2\/tags?post=24148"}],"curies":[{"name":"wp","href":"https:\/\/api.w.org\/{rel}","templated":true}]}}