{"id":24141,"date":"2024-04-07T01:02:46","date_gmt":"2024-04-07T00:02:46","guid":{"rendered":"http:\/\/www.associationdemarie.org\/blog\/?p=24141"},"modified":"2024-03-21T08:04:42","modified_gmt":"2024-03-21T07:04:42","slug":"dimanche-de-la-misericorde-2","status":"publish","type":"post","link":"https:\/\/www.associationdemarie.org\/blog\/dimanche-de-la-misericorde-2\/","title":{"rendered":"Dimanche de la mis\u00e9ricorde"},"content":{"rendered":"<p><img loading=\"lazy\" decoding=\"async\" class=\"aligncenter  wp-image-24142\" src=\"https:\/\/www.associationdemarie.org\/blog\/wp-content\/uploads\/2024\/03\/7-04.jpg\" alt=\"\" width=\"438\" height=\"600\" srcset=\"https:\/\/www.associationdemarie.org\/blog\/wp-content\/uploads\/2024\/03\/7-04.jpg 500w, https:\/\/www.associationdemarie.org\/blog\/wp-content\/uploads\/2024\/03\/7-04-219x300.jpg 219w\" sizes=\"auto, (max-width: 438px) 100vw, 438px\" \/><\/p>\n<p>Montre-moi, mon Dieu, Ta mis\u00e9ricorde,<br \/>\nSelon la piti\u00e9 du C\u0153ur de J\u00e9sus.<br \/>\nEntends mes soupirs et mes pri\u00e8res,<br \/>\nEt les larmes d\u2019un c\u0153ur contrit.<\/p>\n<p>\u00d4 Dieu tout-puissant, toujours mis\u00e9ricordieux,<br \/>\nTa piti\u00e9 n\u2019est jamais \u00e9puis\u00e9e,<br \/>\nBien que ma mis\u00e8re ait l\u2019immensit\u00e9 de la mer,<br \/>\nJ\u2019ai une absolue confiance en la mis\u00e9ricorde du Seigneur.<\/p>\n<p>\u00d4 Trinit\u00e9 \u00e9ternelle, Dieu de bont\u00e9 \u00e0 jamais,<br \/>\nTa piti\u00e9 n\u2019est jamais calcul\u00e9e,<br \/>\nJ\u2019ai donc confiance en l\u2019oc\u00e9an de Ta mis\u00e9ricorde<br \/>\nEt je Te per\u00e7ois, Seigneur, bien qu\u2019un voile m\u2019isole.<\/p>\n<p>Que la toute-puissance de Ta mis\u00e9ricorde, \u00f4 Seigneur,<br \/>\nSoit glorifi\u00e9e par le monde entier,<br \/>\nQue Sa gloire ne cesse \u00e0 jamais,<br \/>\nAnnonce, mon \u00e2me, avec ardeur la mis\u00e9ricorde de Dieu.<\/p>\n<h3 class=\"GospelCommentaryAuthor-name commentary-author font-2\">Sainte Faustine Kowalska (1905-1938)<\/h3>\n<p>&nbsp;<\/p>\n<p>&nbsp;<\/p>\n<p>&nbsp;<\/p>\n","protected":false},"excerpt":{"rendered":"<p>Montre-moi, mon Dieu, Ta mis\u00e9ricorde, Selon la piti\u00e9 du C\u0153ur de J\u00e9sus. Entends mes soupirs et mes pri\u00e8res, Et les larmes d\u2019un c\u0153ur contrit. \u00d4 Dieu tout-puissant, toujours mis\u00e9ricordieux, Ta piti\u00e9 n\u2019est jamais \u00e9puis\u00e9e, Bien que ma mis\u00e8re ait l\u2019immensit\u00e9 de la mer, J\u2019ai une absolue confiance en la mis\u00e9ricorde du Seigneur. \u00d4 Trinit\u00e9 \u00e9ternelle, [&hellip;]<\/p>\n","protected":false},"author":2,"featured_media":0,"comment_status":"closed","ping_status":"closed","sticky":false,"template":"","format":"standard","meta":{"footnotes":""},"categories":[3,26],"tags":[300,307,830,1094],"class_list":["post-24141","post","type-post","status-publish","format-standard","hentry","category-liturgique","category-priere-des-ames","tag-dimanche-de-la-misericorde","tag-divine-misericorde","tag-priere","tag-ste-faustine"],"_links":{"self":[{"href":"https:\/\/www.associationdemarie.org\/blog\/wp-json\/wp\/v2\/posts\/24141","targetHints":{"allow":["GET"]}}],"collection":[{"href":"https:\/\/www.associationdemarie.org\/blog\/wp-json\/wp\/v2\/posts"}],"about":[{"href":"https:\/\/www.associationdemarie.org\/blog\/wp-json\/wp\/v2\/types\/post"}],"author":[{"embeddable":true,"href":"https:\/\/www.associationdemarie.org\/blog\/wp-json\/wp\/v2\/users\/2"}],"replies":[{"embeddable":true,"href":"https:\/\/www.associationdemarie.org\/blog\/wp-json\/wp\/v2\/comments?post=24141"}],"version-history":[{"count":2,"href":"https:\/\/www.associationdemarie.org\/blog\/wp-json\/wp\/v2\/posts\/24141\/revisions"}],"predecessor-version":[{"id":24144,"href":"https:\/\/www.associationdemarie.org\/blog\/wp-json\/wp\/v2\/posts\/24141\/revisions\/24144"}],"wp:attachment":[{"href":"https:\/\/www.associationdemarie.org\/blog\/wp-json\/wp\/v2\/media?parent=24141"}],"wp:term":[{"taxonomy":"category","embeddable":true,"href":"https:\/\/www.associationdemarie.org\/blog\/wp-json\/wp\/v2\/categories?post=24141"},{"taxonomy":"post_tag","embeddable":true,"href":"https:\/\/www.associationdemarie.org\/blog\/wp-json\/wp\/v2\/tags?post=24141"}],"curies":[{"name":"wp","href":"https:\/\/api.w.org\/{rel}","templated":true}]}}