{"id":24126,"date":"2024-04-02T01:07:17","date_gmt":"2024-04-02T00:07:17","guid":{"rendered":"http:\/\/www.associationdemarie.org\/blog\/?p=24126"},"modified":"2024-03-18T18:09:23","modified_gmt":"2024-03-18T17:09:23","slug":"le-mardi-de-paques-5","status":"publish","type":"post","link":"https:\/\/www.associationdemarie.org\/blog\/le-mardi-de-paques-5\/","title":{"rendered":"Le mardi de P\u00e2ques"},"content":{"rendered":"<p><img loading=\"lazy\" decoding=\"async\" class=\"aligncenter  wp-image-24127\" src=\"https:\/\/www.associationdemarie.org\/blog\/wp-content\/uploads\/2024\/03\/2-04-jesus-y-maria-magdalena.jpg\" alt=\"\" width=\"471\" height=\"314\" srcset=\"https:\/\/www.associationdemarie.org\/blog\/wp-content\/uploads\/2024\/03\/2-04-jesus-y-maria-magdalena.jpg 600w, https:\/\/www.associationdemarie.org\/blog\/wp-content\/uploads\/2024\/03\/2-04-jesus-y-maria-magdalena-300x200.jpg 300w\" sizes=\"auto, (max-width: 471px) 100vw, 471px\" \/><\/p>\n<p>\u00ab Marie \u00bb, je te reconnais par ton nom ; apprends \u00e0 me conna\u00eetre par la foi. \u00ab Rabbouni, dit-elle, c\u2019est-\u00e0-dire Ma\u00eetre \u00bb, apprends-moi \u00e0 te chercher, apprends-moi \u00e0 te toucher. \u00ab Ne me touche pas, r\u00e9pond J\u00e9sus, car je ne suis pas encore mont\u00e9 vers mon P\u00e8re \u00bb (Jn 20,16-17) : tu ne crois pas encore que je suis \u00e9gal, co\u00e9ternel et consubstantiel au P\u00e8re. Crois-le, et tu m\u2019auras touch\u00e9.<\/p>\n<p>Ta vue s\u2019arr\u00eate \u00e0 l\u2019homme, aussi tu ne crois pas, car on ne croit pas ce qu\u2019on voit. Tu ne vois pas Dieu ; crois et tu verras. Par ta foi, tu me toucheras, comme cette femme qui toucha la frange de mon manteau et fut subitement gu\u00e9rie (cf. Mt 9,20-22). Pourquoi ? Parce qu\u2019elle m\u2019a touch\u00e9 par sa foi. Touche-moi de cette main-l\u00e0, cherche-moi de ces yeux-l\u00e0, cours vers moi avec ces jambes-l\u00e0.<\/p>\n<p>Je ne suis pas loin de toi ; je suis le Dieu tout proche (cf. Dt 4,7), parole dans ta bouche et dans ton c\u0153ur. Et quoi de plus proche de l\u2019homme que son c\u0153ur ? C\u2019est l\u00e0, tout \u00e0 l\u2019int\u00e9rieur, que m\u2019ont d\u00e9couvert tous ceux qui m\u2019ont trouv\u00e9. Car ce qui est dehors ne concerne que la vue. Mes \u0153uvres sont r\u00e9elles, et cependant demeurent fragiles et passag\u00e8res ; tandis que moi, leur Cr\u00e9ateur, j\u2019habite au plus profond des c\u0153urs purs.<\/p>\n<h3 class=\"GospelCommentaryAuthor-name commentary-author font-2\">Hom\u00e9lie monastique anonyme du 13e si\u00e8cle<\/h3>\n<p>&nbsp;<\/p>\n<p>&nbsp;<\/p>\n<p>&nbsp;<\/p>\n","protected":false},"excerpt":{"rendered":"<p>\u00ab Marie \u00bb, je te reconnais par ton nom ; apprends \u00e0 me conna\u00eetre par la foi. \u00ab Rabbouni, dit-elle, c\u2019est-\u00e0-dire Ma\u00eetre \u00bb, apprends-moi \u00e0 te chercher, apprends-moi \u00e0 te toucher. \u00ab Ne me touche pas, r\u00e9pond J\u00e9sus, car je ne suis pas encore mont\u00e9 vers mon P\u00e8re \u00bb (Jn 20,16-17) : tu ne crois [&hellip;]<\/p>\n","protected":false},"author":2,"featured_media":0,"comment_status":"closed","ping_status":"closed","sticky":false,"template":"","format":"standard","meta":{"footnotes":""},"categories":[3],"tags":[477,763,1101],"class_list":["post-24126","post","type-post","status-publish","format-standard","hentry","category-liturgique","tag-homelie","tag-paques","tag-ste-marie-madeleine"],"_links":{"self":[{"href":"https:\/\/www.associationdemarie.org\/blog\/wp-json\/wp\/v2\/posts\/24126","targetHints":{"allow":["GET"]}}],"collection":[{"href":"https:\/\/www.associationdemarie.org\/blog\/wp-json\/wp\/v2\/posts"}],"about":[{"href":"https:\/\/www.associationdemarie.org\/blog\/wp-json\/wp\/v2\/types\/post"}],"author":[{"embeddable":true,"href":"https:\/\/www.associationdemarie.org\/blog\/wp-json\/wp\/v2\/users\/2"}],"replies":[{"embeddable":true,"href":"https:\/\/www.associationdemarie.org\/blog\/wp-json\/wp\/v2\/comments?post=24126"}],"version-history":[{"count":1,"href":"https:\/\/www.associationdemarie.org\/blog\/wp-json\/wp\/v2\/posts\/24126\/revisions"}],"predecessor-version":[{"id":24128,"href":"https:\/\/www.associationdemarie.org\/blog\/wp-json\/wp\/v2\/posts\/24126\/revisions\/24128"}],"wp:attachment":[{"href":"https:\/\/www.associationdemarie.org\/blog\/wp-json\/wp\/v2\/media?parent=24126"}],"wp:term":[{"taxonomy":"category","embeddable":true,"href":"https:\/\/www.associationdemarie.org\/blog\/wp-json\/wp\/v2\/categories?post=24126"},{"taxonomy":"post_tag","embeddable":true,"href":"https:\/\/www.associationdemarie.org\/blog\/wp-json\/wp\/v2\/tags?post=24126"}],"curies":[{"name":"wp","href":"https:\/\/api.w.org\/{rel}","templated":true}]}}