{"id":24114,"date":"2024-03-29T01:08:08","date_gmt":"2024-03-29T00:08:08","guid":{"rendered":"http:\/\/www.associationdemarie.org\/blog\/?p=24114"},"modified":"2024-03-15T08:10:57","modified_gmt":"2024-03-15T07:10:57","slug":"le-vendredi-saint-celebration-de-la-passion-du-seigneur-4","status":"publish","type":"post","link":"https:\/\/www.associationdemarie.org\/blog\/le-vendredi-saint-celebration-de-la-passion-du-seigneur-4\/","title":{"rendered":"Le vendredi saint : C\u00e9l\u00e9bration de la Passion du Seigneur"},"content":{"rendered":"<p><img loading=\"lazy\" decoding=\"async\" class=\"aligncenter size-full wp-image-24115\" src=\"https:\/\/www.associationdemarie.org\/blog\/wp-content\/uploads\/2024\/03\/29-03-Vendredi_Saint.jpg\" alt=\"\" width=\"500\" height=\"375\" srcset=\"https:\/\/www.associationdemarie.org\/blog\/wp-content\/uploads\/2024\/03\/29-03-Vendredi_Saint.jpg 500w, https:\/\/www.associationdemarie.org\/blog\/wp-content\/uploads\/2024\/03\/29-03-Vendredi_Saint-300x225.jpg 300w\" sizes=\"auto, (max-width: 500px) 100vw, 500px\" \/><\/p>\n<p>Cette mort dont le genre humain fut frapp\u00e9 pour avoir mang\u00e9 du fruit de l\u2019arbre, aujourd\u2019hui, par la croix, a \u00e9t\u00e9 r\u00e9duite \u00e0 l\u2019impuissance : en effet, la mal\u00e9diction que toute notre race avait h\u00e9rit\u00e9e de notre a\u00efeule a \u00e9t\u00e9 effac\u00e9e gr\u00e2ce au Rejeton de la tr\u00e8s pure M\u00e8re de Dieu, de celle que toutes les Puissances des cieux magnifient.<\/p>\n<p>C\u2019est par ton essence humaine que tu souffrais, \u00e0 la fa\u00e7on d\u2019un homme, ta Passion, non en ta nature divine, Seigneur, car, impossible par ta divinit\u00e9, c\u2019est dans la chair assum\u00e9e que tu as support\u00e9 toutes tes souffrances : aussi en l\u2019une et l\u2019autre essence, Seigneur, nous te magnifions.<\/p>\n<p>Dans un dessein de mis\u00e9ricorde le Ma\u00eetre, pour moi, s\u2019an\u00e9antit et endure les souffrances de la chair, comblant mon n\u00e9ant ; par sa divinit\u00e9 il fait, de sa Passion, jaillir pour moi l\u2019impassibilit\u00e9 et il couronne d\u2019honneur mon d\u00e9shonneur, lui que toutes les Puissances des cieux magnifient.<\/p>\n<p>Par ta divine condescendance, Seigneur, l\u2019Had\u00e8s a \u00e9t\u00e9 r\u00e9duit en captivit\u00e9 et les morts ont bondi hors des tombes ; car c\u2019est toi qui est maintenant la Vie v\u00e9ritable, celle qui met fin au r\u00e8gne de la Mort et \u00e0 la puissance de l\u2019Had\u00e8s, toi que toutes les Puissances des cieux magnifient.<\/p>\n<p>M\u00eame si tu as \u00e9t\u00e9 d\u00e9pos\u00e9 dans le tombeau comme un corps inanim\u00e9, en vertu de ta divinit\u00e9, Ma\u00eetre, jusque parmi les morts tu t\u2019es montr\u00e9 libre et, avec toi, de la corruption de l\u2019Had\u00e8s tu as fait ressusciter le premier homme et toute sa race, gr\u00e2ce \u00e0 ton adorable r\u00e9surrection : c\u2019est pourquoi avec les anges, toi l\u2019Unique, le Sauveur, nous te magnifions. (\u2026)<\/p>\n<p>Toi qui as enfant\u00e9, Toute Sainte, le Verbe \u00e9ternel devenu homme d\u2019une fa\u00e7on extraordinaire en ton sein, celui qui par son sang pr\u00e9cieux a recr\u00e9\u00e9 le monde et qui l\u2019illumine lorsque la croix est exalt\u00e9e, maintenant toutes les puissances des cieux te magnifient.<\/p>\n<h3 class=\"GospelCommentaryAuthor-name commentary-author font-2\">Livre d&rsquo;heures du Sina\u00ef (9e si\u00e8cle)<\/h3>\n<p>&nbsp;<\/p>\n<p>&nbsp;<\/p>\n<p>&nbsp;<\/p>\n","protected":false},"excerpt":{"rendered":"<p>Cette mort dont le genre humain fut frapp\u00e9 pour avoir mang\u00e9 du fruit de l\u2019arbre, aujourd\u2019hui, par la croix, a \u00e9t\u00e9 r\u00e9duite \u00e0 l\u2019impuissance : en effet, la mal\u00e9diction que toute notre race avait h\u00e9rit\u00e9e de notre a\u00efeule a \u00e9t\u00e9 effac\u00e9e gr\u00e2ce au Rejeton de la tr\u00e8s pure M\u00e8re de Dieu, de celle que toutes [&hellip;]<\/p>\n","protected":false},"author":2,"featured_media":0,"comment_status":"closed","ping_status":"closed","sticky":false,"template":"","format":"standard","meta":{"footnotes":""},"categories":[3,27],"tags":[274,1672,777,972,1177],"class_list":["post-24114","post","type-post","status-publish","format-standard","hentry","category-liturgique","category-prieres","tag-croix","tag-livre-dheures-du-sinai","tag-passion","tag-semaine-sainte","tag-vendredi-saint"],"_links":{"self":[{"href":"https:\/\/www.associationdemarie.org\/blog\/wp-json\/wp\/v2\/posts\/24114","targetHints":{"allow":["GET"]}}],"collection":[{"href":"https:\/\/www.associationdemarie.org\/blog\/wp-json\/wp\/v2\/posts"}],"about":[{"href":"https:\/\/www.associationdemarie.org\/blog\/wp-json\/wp\/v2\/types\/post"}],"author":[{"embeddable":true,"href":"https:\/\/www.associationdemarie.org\/blog\/wp-json\/wp\/v2\/users\/2"}],"replies":[{"embeddable":true,"href":"https:\/\/www.associationdemarie.org\/blog\/wp-json\/wp\/v2\/comments?post=24114"}],"version-history":[{"count":1,"href":"https:\/\/www.associationdemarie.org\/blog\/wp-json\/wp\/v2\/posts\/24114\/revisions"}],"predecessor-version":[{"id":24116,"href":"https:\/\/www.associationdemarie.org\/blog\/wp-json\/wp\/v2\/posts\/24114\/revisions\/24116"}],"wp:attachment":[{"href":"https:\/\/www.associationdemarie.org\/blog\/wp-json\/wp\/v2\/media?parent=24114"}],"wp:term":[{"taxonomy":"category","embeddable":true,"href":"https:\/\/www.associationdemarie.org\/blog\/wp-json\/wp\/v2\/categories?post=24114"},{"taxonomy":"post_tag","embeddable":true,"href":"https:\/\/www.associationdemarie.org\/blog\/wp-json\/wp\/v2\/tags?post=24114"}],"curies":[{"name":"wp","href":"https:\/\/api.w.org\/{rel}","templated":true}]}}